{"id":99789,"date":"2019-06-13T13:53:47","date_gmt":"2019-06-13T16:53:47","guid":{"rendered":"http:\/\/www.caririemacao.com\/1\/?p=99789"},"modified":"2019-06-13T13:53:47","modified_gmt":"2019-06-13T16:53:47","slug":"moacir-rodrigues-participa-de-reuniao-de-alocacao-de-agua-do-sistema-hidrico-de-sume%ef%bb%bf","status":"publish","type":"post","link":"https:\/\/www.caririemacao.com\/1\/2019\/06\/13\/moacir-rodrigues-participa-de-reuniao-de-alocacao-de-agua-do-sistema-hidrico-de-sume%ef%bb%bf\/","title":{"rendered":"Moacir Rodrigues participa de reuni\u00e3o de aloca\u00e7\u00e3o de \u00e1gua do Sistema H\u00eddrico de Sum\u00e9\ufeff"},"content":{"rendered":"\n<p>O deputado estadual, Moacir Rodrigues, este participando nessa\nter\u00e7a-feira, 11, da reuni\u00e3o de aloca\u00e7\u00e3o de \u00e1gua do Sistema H\u00eddrico de Sum\u00e9-PB,\nrealizada pela AESA (Ag\u00eancia Executiva de Gest\u00e3o das \u00c1guas) e ANA (Ag\u00eancia\nNacional das \u00c1guas).<\/p>\n\n\n\n<p>Na reuni\u00e3o, estiveram presentes o prefeito de Sum\u00e9 \u00c9den\nDuarte, representantes de entidades estaduais e federais, e algumas autoridades\nlocais para discutir sobre a organiza\u00e7\u00e3o, manuten\u00e7\u00e3o de a\u00e7udes com placas\nfotovoltaicas, aloca\u00e7\u00e3o de \u00e1gua e reorganiza\u00e7\u00e3o do per\u00edmetro de irriga\u00e7\u00e3o de\nSum\u00e9.<\/p>\n\n\n\n<p>Moacir aproveitou a oportunidade para defender a interliga\u00e7\u00e3o\nde Bacias dos A\u00e7udes no Cariri, sugerindo uma mudan\u00e7a no projeto de\ntransposi\u00e7\u00e3o do Rio S\u00e3o Francisco, com a distribui\u00e7\u00e3o de \u00e1guas de Monteiro para\nos a\u00e7udes de Sum\u00e9, Congo e Tapero\u00e1.<\/p>\n","protected":false},"excerpt":{"rendered":"<p>O deputado estadual, Moacir Rodrigues, este participando nessa ter\u00e7a-feira, 11, da reuni\u00e3o de aloca\u00e7\u00e3o de \u00e1gua do Sistema H\u00eddrico de Sum\u00e9-PB, realizada pela AESA (Ag\u00eancia&hellip; <\/p>\n","protected":false},"author":2,"featured_media":99796,"comment_status":"closed","ping_status":"closed","sticky":false,"template":"","format":"standard","meta":{"sfsi_plus_gutenberg_text_before_share":"","sfsi_plus_gutenberg_show_text_before_share":"","sfsi_plus_gutenberg_icon_type":"","sfsi_plus_gutenberg_icon_alignemt":"","sfsi_plus_gutenburg_max_per_row":"","footnotes":""},"categories":[50,11],"tags":[],"class_list":["post-99789","post","type-post","status-publish","format-standard","has-post-thumbnail","hentry","category-destaque","category-politica"],"_links":{"self":[{"href":"https:\/\/www.caririemacao.com\/1\/wp-json\/wp\/v2\/posts\/99789","targetHints":{"allow":["GET"]}}],"collection":[{"href":"https:\/\/www.caririemacao.com\/1\/wp-json\/wp\/v2\/posts"}],"about":[{"href":"https:\/\/www.caririemacao.com\/1\/wp-json\/wp\/v2\/types\/post"}],"author":[{"embeddable":true,"href":"https:\/\/www.caririemacao.com\/1\/wp-json\/wp\/v2\/users\/2"}],"replies":[{"embeddable":true,"href":"https:\/\/www.caririemacao.com\/1\/wp-json\/wp\/v2\/comments?post=99789"}],"version-history":[{"count":1,"href":"https:\/\/www.caririemacao.com\/1\/wp-json\/wp\/v2\/posts\/99789\/revisions"}],"predecessor-version":[{"id":99797,"href":"https:\/\/www.caririemacao.com\/1\/wp-json\/wp\/v2\/posts\/99789\/revisions\/99797"}],"wp:featuredmedia":[{"embeddable":true,"href":"https:\/\/www.caririemacao.com\/1\/wp-json\/wp\/v2\/media\/99796"}],"wp:attachment":[{"href":"https:\/\/www.caririemacao.com\/1\/wp-json\/wp\/v2\/media?parent=99789"}],"wp:term":[{"taxonomy":"category","embeddable":true,"href":"https:\/\/www.caririemacao.com\/1\/wp-json\/wp\/v2\/categories?post=99789"},{"taxonomy":"post_tag","embeddable":true,"href":"https:\/\/www.caririemacao.com\/1\/wp-json\/wp\/v2\/tags?post=99789"}],"curies":[{"name":"wp","href":"https:\/\/api.w.org\/{rel}","templated":true}]}}