{"id":99795,"date":"2019-06-13T13:54:17","date_gmt":"2019-06-13T16:54:17","guid":{"rendered":"http:\/\/www.caririemacao.com\/1\/?p=99795"},"modified":"2019-06-13T13:54:17","modified_gmt":"2019-06-13T16:54:17","slug":"mppb-lanca-concurso-de-remocao-interna-com-vagas-em-duas-cidades-do-cariri","status":"publish","type":"post","link":"https:\/\/www.caririemacao.com\/1\/2019\/06\/13\/mppb-lanca-concurso-de-remocao-interna-com-vagas-em-duas-cidades-do-cariri\/","title":{"rendered":"MPPB lan\u00e7a concurso de remo\u00e7\u00e3o interna com vagas em duas cidades do Cariri"},"content":{"rendered":"\n<div class=\"wp-block-image\"><figure class=\"alignleft\"><img decoding=\"async\" data-src=\"https:\/\/i2.wp.com\/www.vitrinedocariri.com.br\/wp-content\/uploads\/2018\/02\/mppb_sede.jpg?zoom=2&amp;resize=330%2C220&amp;ssl=1\" alt=\"\" class=\"wp-image-5719 lazyload\" src=\"data:image\/svg+xml;base64,PHN2ZyB3aWR0aD0iMSIgaGVpZ2h0PSIxIiB4bWxucz0iaHR0cDovL3d3dy53My5vcmcvMjAwMC9zdmciPjwvc3ZnPg==\" \/><\/figure><\/div>\n\n\n\n<p>O Minist\u00e9rio P\u00fablico da Para\u00edba (MPPB) publicou, no Di\u00e1rio Oficial dessa ter\u00e7a-feira (11), o edital do concurso de remo\u00e7\u00e3o interna de servidores. Trinta e duas vagas est\u00e3o sendo oferecidas, em v\u00e1rias sedes, sendo 27 para ocupantes de cargos de t\u00e9cnico ministerial sem especialidade e cinco para t\u00e9cnico ministerial \u2013 dilig\u00eancia e apoio administrativo. As inscri\u00e7\u00f5es ser\u00e3o abertas nesta quinta-feira (13), a partir das 8h e terminar\u00e3o no pr\u00f3ximo dia 19.<\/p>\n\n\n\n<p>O concurso est\u00e1 sendo realizado pela Secretaria-Geral, com o apoio da Diretoria Administrativa e do Departamento de Recursos Humanos e antecede a nomea\u00e7\u00e3o dos \u00faltimos aprovados no concurso p\u00fablico de servidores realizado pela institui\u00e7\u00e3o. \u201cO concurso de remo\u00e7\u00e3o atende ao que est\u00e1 disposto no PCCR (Plano de Cargos, Carreira e Remunera\u00e7\u00e3o dos Servidores) e antecede a nomea\u00e7\u00e3o que a institui\u00e7\u00e3o far\u00e1 para o preenchimento das \u00faltimas vagas existentes no PCCR, agora, no final de junho.<\/p>\n\n\n\n<p>Abrimos a remo\u00e7\u00e3o antes, quem j\u00e1 foi nomeado, obviamente, tem a prefer\u00eancia de ir para esses locais e supridos esses locais, abriremos a nomea\u00e7\u00e3o e lotaremos os nomeados para os locais de onde os servidores removidos sa\u00edram. Vamos nomear 27 aprovados no \u00faltimo concurso para o cargo de t\u00e9cnico ministerial sem especialidade para atuarem nos cart\u00f3rios e cinco, de t\u00e9cnico de dilig\u00eancia. Esses locais das remo\u00e7\u00f5es s\u00e3o os locais onde existem as vagas. \u00c9, portanto, um conjunto de a\u00e7\u00f5es\u201d, explicou o secret\u00e1rio-geral, Ant\u00f4nio Hort\u00eancio Rocha Neto.<\/p>\n\n\n\n<p>Podem participar do concurso de remo\u00e7\u00e3o o servidor efetivo do quadro permanente do MPPB, independentemente da regi\u00e3o administrativa em que esteja lotado. O candidato somente poder\u00e1 concorrer \u00e0s vagas pertinentes ao mesmo cargo que ocupa.<\/p>\n\n\n\n<p>As inscri\u00e7\u00f5es ser\u00e3o realizadas mediante preenchimento do formul\u00e1rio (anexo I do edital), no protocolo da Procuradoria-Geral de Justi\u00e7a ou por meio eletr\u00f4nico, atrav\u00e9s do MP Virtual. O interessado dever\u00e1 indicar por ordem de prefer\u00eancia, as localidades pretendidas, sem limite de op\u00e7\u00e3o, ainda que n\u00e3o exista vaga dispon\u00edvel.<\/p>\n\n\n\n<p>Crit\u00e9rios<\/p>\n\n\n\n<p>As vagas abertas e dispon\u00edveis ser\u00e3o preenchidas pelos servidores mais bem classificados no concurso de remo\u00e7\u00e3o interna. O servidor removido por permuta ou por concurso de remo\u00e7\u00e3o dever\u00e1 permanecer por, no m\u00ednimo, dois anos de efetivo exerc\u00edcio na nova sede ou promotoria, ressalvados os casos de remo\u00e7\u00e3o no interesse da administra\u00e7\u00e3o.<\/p>\n\n\n\n<p>Caso o n\u00famero de vagas oferecidas no concurso de remo\u00e7\u00e3o seja menor que o n\u00famero de interessados, para fins de classifica\u00e7\u00e3o e, se necess\u00e1rio, de desempate, ser\u00e3o observados, sucessivamente, os seguintes crit\u00e9rios: maior tempo de exerc\u00edcio no respectivo cargo; maior tempo de exerc\u00edcio em cargo de provimento efetivo no MPPB; maior tempo de exerc\u00edcio, anterior \u00e0 ocupa\u00e7\u00e3o do cargo efetivo na institui\u00e7\u00e3o, como ocupante de cargo em comiss\u00e3o ou como requisitado no Minist\u00e9rio P\u00fablico do Estado da Para\u00edba; maior n\u00famero de dependentes econ\u00f4micos registrados em seus assentamentos funcionais e maior idade.<\/p>\n\n\n\n<p>Findo o prazo de inscri\u00e7\u00e3o, a Seger far\u00e1 a divulga\u00e7\u00e3o do resultado preliminar, contendo a lista de classifica\u00e7\u00e3o provis\u00f3ria dos candidatos, no site do MPPB. Os candidatos ter\u00e3o o prazo decadencial de um dia \u00fatil, ap\u00f3s a divulga\u00e7\u00e3o do resultado preliminar, at\u00e9 o encerramento do expediente oficial do Minist\u00e9rio P\u00fablico, para solicitarem a desist\u00eancia do concurso de remo\u00e7\u00e3o, por meio da protocoliza\u00e7\u00e3o de requerimento de desist\u00eancia, ou apresentar impugna\u00e7\u00e3o \u00e0 rela\u00e7\u00e3o dos inscritos ou demonstrar interesse em vaga remanescente n\u00e3o contemplada no resultado preliminar, especificando-a.<\/p>\n\n\n\n<p>O pedido de impugna\u00e7\u00e3o deve ser dirigido ao secret\u00e1rio-geral, que decidir\u00e1 no prazo de dois dias \u00fateis, contados da data do protocolo. Uma vez efetivada a desist\u00eancia, n\u00e3o ser\u00e1 permitido ao candidato reinserir op\u00e7\u00e3o, ainda que seja a anteriormente descartada. A lista de classifica\u00e7\u00e3o final ser\u00e1 publicada no site do MPPB, caso haja altera\u00e7\u00e3o.<\/p>\n\n\n\n<p>Confira os locais e vagas<\/p>\n\n\n\n<p>T\u00e9cnico Ministerial \u2013 Sem especialidade<br>Sede e vagas<br>Jo\u00e3o Pessoa (1\u00aa Regi\u00e3o) \u2013 04<br>Conde (2\u00aa Regi\u00e3o) \u2013 01<br>Mamanguape (2\u00aa Regi\u00e3o) \u2013 01<br>Santa Rita (2\u00aa Regi\u00e3o) \u2013 01<br>Itabaiana (4\u00aa Regi\u00e3o) \u2013 01<br>Campina Grande (5\u00aa Regi\u00e3o) -10<br>Boqueir\u00e3o (6\u00aa Regi\u00e3o) \u2013 01<br>Esperan\u00e7a (6\u00aa Regi\u00e3o) -01<br>Queimadas (6\u00aa Regi\u00e3o) \u2013 01<br>S\u00e3o Jo\u00e3o do Cariri (6\u00aa Regi\u00e3o) \u2013 01<br>Pombal (8\u00aa Regi\u00e3o) \u2013 01<br>Sousa (9\u00aa Regi\u00e3o) \u2013 02<br>Cajazeiras (10\u00aa Regi\u00e3o) \u2013 02<\/p>\n\n\n\n<p>T\u00e9cnico Ministerial \u2013 Dilig\u00eancia e Apoio Administrativo<br>Sede e vagas<br>Jo\u00e3o Pessoa (1\u00aa Regi\u00e3o) \u2013 01<br>Mari (4\u00aa Regi\u00e3o) \u2013 01<br>Picu\u00ed (4\u00aa Regi\u00e3o) \u2013 01<br>Itaporanga (8\u00aa Regi\u00e3o) \u2013 01<br>S\u00e3o Jos\u00e9 de Piranhas (10\u00aa Regi\u00e3o) \u2013 01<\/p>\n","protected":false},"excerpt":{"rendered":"<p>O Minist\u00e9rio P\u00fablico da Para\u00edba (MPPB) publicou, no Di\u00e1rio Oficial dessa ter\u00e7a-feira (11), o edital do concurso de remo\u00e7\u00e3o interna de servidores. Trinta e duas&hellip; <\/p>\n","protected":false},"author":1,"featured_media":5064,"comment_status":"closed","ping_status":"closed","sticky":false,"template":"","format":"standard","meta":{"sfsi_plus_gutenberg_text_before_share":"","sfsi_plus_gutenberg_show_text_before_share":"","sfsi_plus_gutenberg_icon_type":"","sfsi_plus_gutenberg_icon_alignemt":"","sfsi_plus_gutenburg_max_per_row":"","footnotes":""},"categories":[2],"tags":[],"class_list":["post-99795","post","type-post","status-publish","format-standard","has-post-thumbnail","hentry","category-geral"],"_links":{"self":[{"href":"https:\/\/www.caririemacao.com\/1\/wp-json\/wp\/v2\/posts\/99795","targetHints":{"allow":["GET"]}}],"collection":[{"href":"https:\/\/www.caririemacao.com\/1\/wp-json\/wp\/v2\/posts"}],"about":[{"href":"https:\/\/www.caririemacao.com\/1\/wp-json\/wp\/v2\/types\/post"}],"author":[{"embeddable":true,"href":"https:\/\/www.caririemacao.com\/1\/wp-json\/wp\/v2\/users\/1"}],"replies":[{"embeddable":true,"href":"https:\/\/www.caririemacao.com\/1\/wp-json\/wp\/v2\/comments?post=99795"}],"version-history":[{"count":1,"href":"https:\/\/www.caririemacao.com\/1\/wp-json\/wp\/v2\/posts\/99795\/revisions"}],"predecessor-version":[{"id":99798,"href":"https:\/\/www.caririemacao.com\/1\/wp-json\/wp\/v2\/posts\/99795\/revisions\/99798"}],"wp:featuredmedia":[{"embeddable":true,"href":"https:\/\/www.caririemacao.com\/1\/wp-json\/wp\/v2\/media\/5064"}],"wp:attachment":[{"href":"https:\/\/www.caririemacao.com\/1\/wp-json\/wp\/v2\/media?parent=99795"}],"wp:term":[{"taxonomy":"category","embeddable":true,"href":"https:\/\/www.caririemacao.com\/1\/wp-json\/wp\/v2\/categories?post=99795"},{"taxonomy":"post_tag","embeddable":true,"href":"https:\/\/www.caririemacao.com\/1\/wp-json\/wp\/v2\/tags?post=99795"}],"curies":[{"name":"wp","href":"https:\/\/api.w.org\/{rel}","templated":true}]}}