{"id":99802,"date":"2019-06-13T13:59:35","date_gmt":"2019-06-13T16:59:35","guid":{"rendered":"http:\/\/www.caririemacao.com\/1\/?p=99802"},"modified":"2019-06-13T13:59:35","modified_gmt":"2019-06-13T16:59:35","slug":"em-monteiro-governo-realizara-treinamento-para-participantes-do-programa-leite-da-paraiba","status":"publish","type":"post","link":"https:\/\/www.caririemacao.com\/1\/2019\/06\/13\/em-monteiro-governo-realizara-treinamento-para-participantes-do-programa-leite-da-paraiba\/","title":{"rendered":"EM MONTEIRO: Governo realizar\u00e1 treinamento para participantes do Programa Leite da Para\u00edba"},"content":{"rendered":"\n<div class=\"wp-block-image\"><figure class=\"alignleft\"><img decoding=\"async\" data-src=\"https:\/\/i2.wp.com\/www.vitrinedocariri.com.br\/wp-content\/uploads\/2019\/06\/3C46E5E0-73FA-4088-863B-00D9E9F6D18E.jpeg?zoom=2&amp;resize=330%2C220&amp;ssl=1\" alt=\"\" class=\"wp-image-46082 lazyload\" src=\"data:image\/svg+xml;base64,PHN2ZyB3aWR0aD0iMSIgaGVpZ2h0PSIxIiB4bWxucz0iaHR0cDovL3d3dy53My5vcmcvMjAwMC9zdmciPjwvc3ZnPg==\" \/><\/figure><\/div>\n\n\n\n<p>O Governo do Estado, atrav\u00e9s da Secretaria de Estado do Desenvolvimento Humana \u2013 SEDH, realizar\u00e1 na pr\u00f3xima segunda-feira (17), uma reuni\u00e3o de treinamento com os participantes no processo de distribui\u00e7\u00e3o do leite, do Programa Leite da Para\u00edba.<\/p>\n\n\n\n<p>A reuni\u00e3o ocorrer\u00e1 na E.M.E.F. Maria Lauciceia de Freitas, localizada na Rua Sizenando Rafael, a partir das 10h, e contar\u00e1 com a presen\u00e7a de representantes da SEDH e do Programa Leite da Para\u00edba.<\/p>\n\n\n\n<p>Servi\u00e7o<br>Data: 17 de Junho<br>Hor\u00e1rio: 10h<br>Local: E.M.E.F. Maria Lauriceia de Freitas \u2013 Rua Sizenando Rafael s\/n, Monteiro\/PB<\/p>\n","protected":false},"excerpt":{"rendered":"<p>O Governo do Estado, atrav\u00e9s da Secretaria de Estado do Desenvolvimento Humana \u2013 SEDH, realizar\u00e1 na pr\u00f3xima segunda-feira (17), uma reuni\u00e3o de treinamento com os&hellip; <\/p>\n","protected":false},"author":1,"featured_media":99803,"comment_status":"closed","ping_status":"closed","sticky":false,"template":"","format":"standard","meta":{"sfsi_plus_gutenberg_text_before_share":"","sfsi_plus_gutenberg_show_text_before_share":"","sfsi_plus_gutenberg_icon_type":"","sfsi_plus_gutenberg_icon_alignemt":"","sfsi_plus_gutenburg_max_per_row":"","footnotes":""},"categories":[2],"tags":[],"class_list":["post-99802","post","type-post","status-publish","format-standard","has-post-thumbnail","hentry","category-geral"],"_links":{"self":[{"href":"https:\/\/www.caririemacao.com\/1\/wp-json\/wp\/v2\/posts\/99802","targetHints":{"allow":["GET"]}}],"collection":[{"href":"https:\/\/www.caririemacao.com\/1\/wp-json\/wp\/v2\/posts"}],"about":[{"href":"https:\/\/www.caririemacao.com\/1\/wp-json\/wp\/v2\/types\/post"}],"author":[{"embeddable":true,"href":"https:\/\/www.caririemacao.com\/1\/wp-json\/wp\/v2\/users\/1"}],"replies":[{"embeddable":true,"href":"https:\/\/www.caririemacao.com\/1\/wp-json\/wp\/v2\/comments?post=99802"}],"version-history":[{"count":1,"href":"https:\/\/www.caririemacao.com\/1\/wp-json\/wp\/v2\/posts\/99802\/revisions"}],"predecessor-version":[{"id":99804,"href":"https:\/\/www.caririemacao.com\/1\/wp-json\/wp\/v2\/posts\/99802\/revisions\/99804"}],"wp:featuredmedia":[{"embeddable":true,"href":"https:\/\/www.caririemacao.com\/1\/wp-json\/wp\/v2\/media\/99803"}],"wp:attachment":[{"href":"https:\/\/www.caririemacao.com\/1\/wp-json\/wp\/v2\/media?parent=99802"}],"wp:term":[{"taxonomy":"category","embeddable":true,"href":"https:\/\/www.caririemacao.com\/1\/wp-json\/wp\/v2\/categories?post=99802"},{"taxonomy":"post_tag","embeddable":true,"href":"https:\/\/www.caririemacao.com\/1\/wp-json\/wp\/v2\/tags?post=99802"}],"curies":[{"name":"wp","href":"https:\/\/api.w.org\/{rel}","templated":true}]}}