{"id":99810,"date":"2019-06-13T14:04:31","date_gmt":"2019-06-13T17:04:31","guid":{"rendered":"http:\/\/www.caririemacao.com\/1\/?p=99810"},"modified":"2019-06-13T14:04:31","modified_gmt":"2019-06-13T17:04:31","slug":"relator-confirma-retirada-da-capitalizacao-e-de-estados-e-municipios","status":"publish","type":"post","link":"https:\/\/www.caririemacao.com\/1\/2019\/06\/13\/relator-confirma-retirada-da-capitalizacao-e-de-estados-e-municipios\/","title":{"rendered":"Relator confirma retirada da capitaliza\u00e7\u00e3o e de estados e munic\u00edpios"},"content":{"rendered":"\n<p>O relator da reforma da Previd\u00eancia, Samuel Moreira (PSDB-SP), confirmou mudan\u00e7as anunciadas nesta quarta-feira (12), como a retirada de estados e munic\u00edpios das mudan\u00e7as nas regras de aposentadorias.<\/p>\n\n\n\n<p>Sem consenso na C\u00e2mara, o deputado teve que ceder e poupar servidores estaduais e municipais da reforma.<\/p>\n\n\n\n<p>Ainda h\u00e1 chance de governadores e prefeitos articularem a aprova\u00e7\u00e3o de uma emenda para serem reinclu\u00eddos na reforma.<\/p>\n\n\n\n<p>Numa derrota da equipe econ\u00f4mica, foi retirada a previs\u00e3o de cria\u00e7\u00e3o de um novo sistema previdenci\u00e1rio, a capitaliza\u00e7\u00e3o, no qual cada trabalhador faz a pr\u00f3pria poupan\u00e7a.<\/p>\n\n\n\n<p>\u201cEm rela\u00e7\u00e3o ao regime de capitaliza\u00e7\u00e3o, consideramos que n\u00e3o \u00e9 o modelo mais adequado para um pa\u00eds cujos trabalhadores t\u00eam baixos rendimentos, al\u00e9m de ter elevado custo de transi\u00e7\u00e3o\u201d, justificou o relator.<\/p>\n\n\n\n<p>A maioria da C\u00e2mara rejeitava esse trecho da proposta do presidente Jair Bolsonaro.<\/p>\n\n\n\n<p>Moreira tamb\u00e9m retirou mudan\u00e7as propostas pelo governo ao modelo de pagamento do BPC (benef\u00edcio assistencial) a idosos carentes.<\/p>\n\n\n\n<p>O relat\u00f3rio tamb\u00e9m derrubou medidas que endureciam o acesso \u00e0 aposentadoria para as trabalhadoras do campo, al\u00e9m de exigir uma contribui\u00e7\u00e3o m\u00ednima anual para agricultor familiar.<\/p>\n\n\n\n<p>O governo queria exigir R$ 600 por ano por fam\u00edlia da zona rural, argumentando que isso combateria fraudes.<\/p>\n\n\n\n<p>\u201cConsiderando todo o esfor\u00e7o realizado por estas pessoas, ao longo da vida, para se manterem no campo e produzirem o m\u00ednimo necess\u00e1rio para a subsist\u00eancia do grupo familiar, n\u00e3o concordamos com a proposta contida na PEC em rela\u00e7\u00e3o \u00e0 sua forma de contribui\u00e7\u00e3o nem com o aumento na idade m\u00ednima da mulher\u201d, diz o relat\u00f3rio.<\/p>\n","protected":false},"excerpt":{"rendered":"<p>O relator da reforma da Previd\u00eancia, Samuel Moreira (PSDB-SP), confirmou mudan\u00e7as anunciadas nesta quarta-feira (12), como a retirada de estados e munic\u00edpios das mudan\u00e7as nas&hellip; <\/p>\n","protected":false},"author":1,"featured_media":99811,"comment_status":"closed","ping_status":"closed","sticky":false,"template":"","format":"standard","meta":{"sfsi_plus_gutenberg_text_before_share":"","sfsi_plus_gutenberg_show_text_before_share":"","sfsi_plus_gutenberg_icon_type":"","sfsi_plus_gutenberg_icon_alignemt":"","sfsi_plus_gutenburg_max_per_row":"","footnotes":""},"categories":[11],"tags":[],"class_list":["post-99810","post","type-post","status-publish","format-standard","has-post-thumbnail","hentry","category-politica"],"_links":{"self":[{"href":"https:\/\/www.caririemacao.com\/1\/wp-json\/wp\/v2\/posts\/99810","targetHints":{"allow":["GET"]}}],"collection":[{"href":"https:\/\/www.caririemacao.com\/1\/wp-json\/wp\/v2\/posts"}],"about":[{"href":"https:\/\/www.caririemacao.com\/1\/wp-json\/wp\/v2\/types\/post"}],"author":[{"embeddable":true,"href":"https:\/\/www.caririemacao.com\/1\/wp-json\/wp\/v2\/users\/1"}],"replies":[{"embeddable":true,"href":"https:\/\/www.caririemacao.com\/1\/wp-json\/wp\/v2\/comments?post=99810"}],"version-history":[{"count":1,"href":"https:\/\/www.caririemacao.com\/1\/wp-json\/wp\/v2\/posts\/99810\/revisions"}],"predecessor-version":[{"id":99812,"href":"https:\/\/www.caririemacao.com\/1\/wp-json\/wp\/v2\/posts\/99810\/revisions\/99812"}],"wp:featuredmedia":[{"embeddable":true,"href":"https:\/\/www.caririemacao.com\/1\/wp-json\/wp\/v2\/media\/99811"}],"wp:attachment":[{"href":"https:\/\/www.caririemacao.com\/1\/wp-json\/wp\/v2\/media?parent=99810"}],"wp:term":[{"taxonomy":"category","embeddable":true,"href":"https:\/\/www.caririemacao.com\/1\/wp-json\/wp\/v2\/categories?post=99810"},{"taxonomy":"post_tag","embeddable":true,"href":"https:\/\/www.caririemacao.com\/1\/wp-json\/wp\/v2\/tags?post=99810"}],"curies":[{"name":"wp","href":"https:\/\/api.w.org\/{rel}","templated":true}]}}