{"id":99825,"date":"2019-06-13T14:09:10","date_gmt":"2019-06-13T17:09:10","guid":{"rendered":"http:\/\/www.caririemacao.com\/1\/?p=99825"},"modified":"2019-06-13T14:09:10","modified_gmt":"2019-06-13T17:09:10","slug":"deputado-solicita-do-insa-estudos-visando-a-implantacao-de-tecnologia-atmosferica-em-cg","status":"publish","type":"post","link":"https:\/\/www.caririemacao.com\/1\/2019\/06\/13\/deputado-solicita-do-insa-estudos-visando-a-implantacao-de-tecnologia-atmosferica-em-cg\/","title":{"rendered":"Deputado solicita do INSA estudos visando a Implanta\u00e7\u00e3o de tecnologia Atmosf\u00e9rica em CG"},"content":{"rendered":"\n<p>O deputado estadual Moacir Rodrigues (PSL), solicitou do Instituto Nacional do Semi\u00e1rido (INSA), o desenvolvimento de Estudos e Pesquisas visando a Implanta\u00e7\u00e3o de tecnologia de Ioniza\u00e7\u00e3o Atmosf\u00e9rica em Campina Grande e nas cidades circunvizinhas. A Ioniza\u00e7\u00e3o Atmosf\u00e9rica, conforme argumentou o deputado, \u00e9 uma alternativa eficiente para o combate \u00e0 seca, com o objetivo de trazer \u00e1gua doce de forma ecologicamente correta para Milh\u00f5es de pessoas. Essa tecnologia \u00e9 utilizada para melhorar as chuvas mesmo em regi\u00f5es semi\u00e1ridas.<\/p>\n\n\n\n<p>\u201c\u00c9 uma tecnologia de ponta verde para mais precipita\u00e7\u00e3o natural, apenas imitando o processo de ioniza\u00e7\u00e3o do sol, destacou o parlamentar que j\u00e1 encaminhou of\u00edcio para o diretor do INSA, Salom\u00e3o de Sousa Medeiros.<\/p>\n\n\n\n<p>A tecnologia consiste com a altera\u00e7\u00e3o de \u00edons na atmosfera, podendo concentrar as mol\u00e9culas de \u00e1gua ao redor dos \u00edons e neste processo de condensa\u00e7\u00e3o, liberar altas quantidades de energia na atmosfera formando nuvens e a precipita\u00e7\u00e3o.<\/p>\n\n\n\n<p>\u201cEssa tecnologia \u00e9 sucesso Essa tecnologia \u00e9 sucesso com resultados positivos em pa\u00edses como Su\u00ed\u00e7a, Jord\u00e2nia, Emirados \u00c1rabes e Austr\u00e1lia\u201d enfatizou.<\/p>\n\n\n\n<p>Na condi\u00e7\u00e3o de presidente da Comiss\u00e3o de Desenvolvimento, Turismo e Meio Ambiente, o deputado Moacir, prop\u00f4s a realiza\u00e7\u00e3o de uma audi\u00eancia p\u00fablica sobre seguran\u00e7a h\u00eddrica no Nordeste. Ele tamb\u00e9m participou de uma reuni\u00e3o de aloca\u00e7\u00e3o de \u00e1gua do Sistema H\u00eddrico de Sum\u00e9-PB realozada pela AESA (Ag\u00eancia Executiva de Gest\u00e3o das \u00c1guas) e ANA (Ag\u00eancia Nacional das \u00c1guas).<br><br>Estavam presentes no evento, o prefeito de Sum\u00e9 Eder, os representantes da AESA, ANA e algumas autoridades locais para discutir sobre a organiza\u00e7\u00e3o, manuten\u00e7\u00e3o de a\u00e7udes com placas fotovoltaicas, aloca\u00e7\u00e3o de \u00e1gua e reorganiza\u00e7\u00e3o do per\u00edmetro de irriga\u00e7\u00e3o.<\/p>\n\n\n\n<p>PB agora<\/p>\n","protected":false},"excerpt":{"rendered":"<p>O deputado estadual Moacir Rodrigues (PSL), solicitou do Instituto Nacional do Semi\u00e1rido (INSA), o desenvolvimento de Estudos e Pesquisas visando a Implanta\u00e7\u00e3o de tecnologia de&hellip; <\/p>\n","protected":false},"author":1,"featured_media":99826,"comment_status":"closed","ping_status":"closed","sticky":false,"template":"","format":"standard","meta":{"sfsi_plus_gutenberg_text_before_share":"","sfsi_plus_gutenberg_show_text_before_share":"","sfsi_plus_gutenberg_icon_type":"","sfsi_plus_gutenberg_icon_alignemt":"","sfsi_plus_gutenburg_max_per_row":"","footnotes":""},"categories":[11],"tags":[],"class_list":["post-99825","post","type-post","status-publish","format-standard","has-post-thumbnail","hentry","category-politica"],"_links":{"self":[{"href":"https:\/\/www.caririemacao.com\/1\/wp-json\/wp\/v2\/posts\/99825","targetHints":{"allow":["GET"]}}],"collection":[{"href":"https:\/\/www.caririemacao.com\/1\/wp-json\/wp\/v2\/posts"}],"about":[{"href":"https:\/\/www.caririemacao.com\/1\/wp-json\/wp\/v2\/types\/post"}],"author":[{"embeddable":true,"href":"https:\/\/www.caririemacao.com\/1\/wp-json\/wp\/v2\/users\/1"}],"replies":[{"embeddable":true,"href":"https:\/\/www.caririemacao.com\/1\/wp-json\/wp\/v2\/comments?post=99825"}],"version-history":[{"count":1,"href":"https:\/\/www.caririemacao.com\/1\/wp-json\/wp\/v2\/posts\/99825\/revisions"}],"predecessor-version":[{"id":99827,"href":"https:\/\/www.caririemacao.com\/1\/wp-json\/wp\/v2\/posts\/99825\/revisions\/99827"}],"wp:featuredmedia":[{"embeddable":true,"href":"https:\/\/www.caririemacao.com\/1\/wp-json\/wp\/v2\/media\/99826"}],"wp:attachment":[{"href":"https:\/\/www.caririemacao.com\/1\/wp-json\/wp\/v2\/media?parent=99825"}],"wp:term":[{"taxonomy":"category","embeddable":true,"href":"https:\/\/www.caririemacao.com\/1\/wp-json\/wp\/v2\/categories?post=99825"},{"taxonomy":"post_tag","embeddable":true,"href":"https:\/\/www.caririemacao.com\/1\/wp-json\/wp\/v2\/tags?post=99825"}],"curies":[{"name":"wp","href":"https:\/\/api.w.org\/{rel}","templated":true}]}}