{"id":99840,"date":"2019-06-13T14:49:11","date_gmt":"2019-06-13T17:49:11","guid":{"rendered":"http:\/\/www.caririemacao.com\/1\/?p=99840"},"modified":"2019-06-13T14:49:11","modified_gmt":"2019-06-13T17:49:11","slug":"relator-fixa-idade-minima-de-aposentadoria-de-professoras-em-57-anos","status":"publish","type":"post","link":"https:\/\/www.caririemacao.com\/1\/2019\/06\/13\/relator-fixa-idade-minima-de-aposentadoria-de-professoras-em-57-anos\/","title":{"rendered":"Relator fixa idade m\u00ednima de aposentadoria de professoras em 57 anos"},"content":{"rendered":"\n<p>O relator da reforma da Previd\u00eancia, deputado Samuel Moreira (PSDB-SP), reduziu a idade m\u00ednima de aposentadoria para professoras de 60 anos para 57 anos. A proposta est\u00e1 no parecer do deputado, que ser\u00e1 lido na Comiss\u00e3o Especial da Reforma da Previd\u00eancia da C\u00e2mara dos Deputados. A sess\u00e3o teve in\u00edcio nesta manh\u00e3 (13) e, no momento, o relator l\u00ea seu parecer.<\/p>\n\n\n\n<p>Para os professores, o relator adotou a mesma sistem\u00e1tica vigente para a aposentadoria diferenciada da pessoa com defici\u00eancia e de trabalhadores em atividades prejudicais \u00e0 sa\u00fade, ou seja, os crit\u00e9rios devem ser definidos em lei complementar. \u201cEnquanto n\u00e3o editada a referida norma, mantivemos a idade m\u00ednima para aposentadoria do professor em 60 anos, consoante proposta da PEC [Proposta de Emenda \u00e0 Constitui\u00e7\u00e3o, enviada pelo governo ao Congresso], mas reduzimos a da professora para 57 anos, de forma a assegurar diferencia\u00e7\u00e3o et\u00e1ria entre homem e mulher, como restou garantido para as trabalhadoras urbanas e rurais\u201d.<\/p>\n\n\n\n<p>Com rela\u00e7\u00e3o ao trabalhador rural, o parecer do relator mant\u00e9m a mesma reda\u00e7\u00e3o do texto constitucional atual, que garante a aposentadoria com a idade m\u00ednima de 60 anos, se homem, e 55 anos, se mulher, inclu\u00eddos os garimpeiros e os pescadores artesanais.<\/p>\n\n\n\n<p>\u201cConsiderando todo o esfor\u00e7o realizado por estas pessoas, ao longo da vida, para se manterem no campo e produzirem o m\u00ednimo necess\u00e1rio para a subsist\u00eancia do grupo familiar, n\u00e3o concordamos com a proposta contida na PEC em rela\u00e7\u00e3o \u00e0 sua forma de contribui\u00e7\u00e3o nem com o aumento na idade m\u00ednima da mulher. \u00c9 preciso manter a distin\u00e7\u00e3o et\u00e1ria entre homens e mulheres do campo para acesso \u00e0 aposentadoria\u201d, argumenta o relator.<\/p>\n\n\n\n<p>Para a pessoa com defici\u00eancia, o relator entendeu que n\u00e3o h\u00e1 necessidade de reforma das regras de aposentadoria, uma vez que a norma que determina os requisitos de acesso a este benef\u00edcio, a&nbsp;<a href=\"http:\/\/www.planalto.gov.br\/ccivil_03\/leis\/lcp\/lcp142.htm\" target=\"_blank\" rel=\"noreferrer noopener\">Lei Complementar n\u00ba 142, de 8 de maio de 2013<\/a>, \u00e9 recente e foi amplamente debatida pelo Congresso Nacional. \u201cAssim, suprimimos as regras de transi\u00e7\u00e3o da pessoa com defici\u00eancia e o substitutivo recepciona de modo integral a referida lei complementar\u201d.<\/p>\n\n\n\n<p>Sobre o regime de capitaliza\u00e7\u00e3o, o relator considera que \u201cn\u00e3o \u00e9 o modelo mais adequado para um pa\u00eds cujos trabalhadores t\u00eam baixos rendimentos, al\u00e9m de ter elevado custo de transi\u00e7\u00e3o\u201d.<\/p>\n\n\n\n<p><a href=\"http:\/\/agenciabrasil.ebc.com.br\/politica\/noticia\/2019-06\/capitalizacao-da-previdencia-fica-para-segundo-semestre-diz-maia\" target=\"_blank\" rel=\"noreferrer noopener\">Como antecipado ontem (12)<\/a>, o relator tamb\u00e9m excluiu mudan\u00e7as no Benef\u00edcio de Presta\u00e7\u00e3o Continuada. \u201cAssim, considerando a import\u00e2ncia do BPC para que milh\u00f5es de idosos e pessoas com defici\u00eancia possam sobreviver com um m\u00ednimo de dignidade, optamos por n\u00e3o incluir no substitutivo quaisquer altera\u00e7\u00f5es referentes ao art. 203 da Constitui\u00e7\u00e3o, mantendo-se, por conseguinte, o texto ora vigente\u201d.<\/p>\n\n\n\n<p>O relator tamb\u00e9m n\u00e3o aceitou mudan\u00e7as no abono salarial. \u201cQuanto ao abono salarial, acreditamos que a ado\u00e7\u00e3o de um sal\u00e1rio m\u00ednimo de rendimento para ter acesso ao benef\u00edcio \u00e9 indevida, pois existe um enorme contingente de trabalhadores de baixa renda com sal\u00e1rio ligeiramente superior ao sal\u00e1rio m\u00ednimo e que passaria a ficar de fora do programa. Neste contexto, buscamos adotar o mesmo conceito de baixa renda j\u00e1 existente para acesso ao benef\u00edcio do sal\u00e1rio-fam\u00edlia, qual seja, renda mensal de at\u00e9 R$1.364,43\u201d.<\/p>\n","protected":false},"excerpt":{"rendered":"<p>O relator da reforma da Previd\u00eancia, deputado Samuel Moreira (PSDB-SP), reduziu a idade m\u00ednima de aposentadoria para professoras de 60 anos para 57 anos. A&hellip; <\/p>\n","protected":false},"author":1,"featured_media":94917,"comment_status":"closed","ping_status":"closed","sticky":false,"template":"","format":"standard","meta":{"sfsi_plus_gutenberg_text_before_share":"","sfsi_plus_gutenberg_show_text_before_share":"","sfsi_plus_gutenberg_icon_type":"","sfsi_plus_gutenberg_icon_alignemt":"","sfsi_plus_gutenburg_max_per_row":"","footnotes":""},"categories":[11],"tags":[],"class_list":["post-99840","post","type-post","status-publish","format-standard","has-post-thumbnail","hentry","category-politica"],"_links":{"self":[{"href":"https:\/\/www.caririemacao.com\/1\/wp-json\/wp\/v2\/posts\/99840","targetHints":{"allow":["GET"]}}],"collection":[{"href":"https:\/\/www.caririemacao.com\/1\/wp-json\/wp\/v2\/posts"}],"about":[{"href":"https:\/\/www.caririemacao.com\/1\/wp-json\/wp\/v2\/types\/post"}],"author":[{"embeddable":true,"href":"https:\/\/www.caririemacao.com\/1\/wp-json\/wp\/v2\/users\/1"}],"replies":[{"embeddable":true,"href":"https:\/\/www.caririemacao.com\/1\/wp-json\/wp\/v2\/comments?post=99840"}],"version-history":[{"count":1,"href":"https:\/\/www.caririemacao.com\/1\/wp-json\/wp\/v2\/posts\/99840\/revisions"}],"predecessor-version":[{"id":99841,"href":"https:\/\/www.caririemacao.com\/1\/wp-json\/wp\/v2\/posts\/99840\/revisions\/99841"}],"wp:featuredmedia":[{"embeddable":true,"href":"https:\/\/www.caririemacao.com\/1\/wp-json\/wp\/v2\/media\/94917"}],"wp:attachment":[{"href":"https:\/\/www.caririemacao.com\/1\/wp-json\/wp\/v2\/media?parent=99840"}],"wp:term":[{"taxonomy":"category","embeddable":true,"href":"https:\/\/www.caririemacao.com\/1\/wp-json\/wp\/v2\/categories?post=99840"},{"taxonomy":"post_tag","embeddable":true,"href":"https:\/\/www.caririemacao.com\/1\/wp-json\/wp\/v2\/tags?post=99840"}],"curies":[{"name":"wp","href":"https:\/\/api.w.org\/{rel}","templated":true}]}}