{"id":99846,"date":"2019-06-13T14:50:58","date_gmt":"2019-06-13T17:50:58","guid":{"rendered":"http:\/\/www.caririemacao.com\/1\/?p=99846"},"modified":"2019-06-13T14:50:58","modified_gmt":"2019-06-13T17:50:58","slug":"o-que-ele-fez-nao-tem-preco-diz-bolsonaro-sobre-moro-na-lava-jato","status":"publish","type":"post","link":"https:\/\/www.caririemacao.com\/1\/2019\/06\/13\/o-que-ele-fez-nao-tem-preco-diz-bolsonaro-sobre-moro-na-lava-jato\/","title":{"rendered":"&#8220;O que ele fez n\u00e3o tem pre\u00e7o&#8221;, diz Bolsonaro sobre Moro na Lava Jato"},"content":{"rendered":"\n<p>O presidente Jair Bolsonaro elogiou&nbsp;hoje&nbsp;(13) o trabalho do ministro da Justi\u00e7a e Seguran\u00e7a P\u00fablica, Sergio Moro, durante sua atua\u00e7\u00e3o como juiz da Opera\u00e7\u00e3o Lava Jato. \u201cO que ele fez n\u00e3o tem pre\u00e7o. Ele realmente botou para fora, mostrou as v\u00edsceras do poder, a promiscuidade do poder no tocante \u00e0 corrup\u00e7\u00e3o\u201d, disse Bolsonaro em conversa com jornalistas ap\u00f3s cerim\u00f4nia no Pal\u00e1cio do Planalto.<\/p>\n\n\n\n<p>No \u00faltimo dia 9, o&nbsp;<em>site<\/em>&nbsp;de not\u00edcias The Intercept Brasil&nbsp;<a href=\"http:\/\/agenciabrasil.ebc.com.br\/justica\/noticia\/2019-06\/site-publica-mensagens-atribuidas-moro-e-forca-tarefa-da-lava-jato\" target=\"_blank\" rel=\"noreferrer noopener\">divulgou trechos de mensagens atribu\u00eddas a Moro<\/a>&nbsp;e a membros da for\u00e7a-tarefa da Lava Jato, que apontam para uma \u201ccolabora\u00e7\u00e3o proibida\u201d entre o ent\u00e3o juiz federal respons\u00e1vel por julgar processos decorrentes da opera\u00e7\u00e3o em Curitiba e os procuradores, a quem cabe acusar os suspeitos de integrar o esquema de corrup\u00e7\u00e3o. Para Bolsonaro, houve &#8220;uma invas\u00e3o criminosa&#8221;.<\/p>\n\n\n\n<p>\u201cEle [Moro] faz parte da hist\u00f3ria do Brasil. Vazou [a&nbsp;conversa]? Se vazar meu aqui, tem muita brincadeira que fa\u00e7o com colegas que v\u00e3o me chamar de novo de tudo aquilo que me chamavam durante a campanha. Houve uma invas\u00e3o criminosa, se \u00e9 que o que est\u00e1 sendo vazado&nbsp;\u00e9 verdadeiro ou n\u00e3o\u201d, disse Bolsonaro. Questionado se considera normal&nbsp;conversa entre juiz e procurador, o presidente respondeu: &#8220;Normal \u00e9 conversa com doleiro, com bandidos, com corruptos, isso \u00e9 normal? N\u00f3s temos nos unidos do lado de c\u00e1. Ningu\u00e9m forjou provas nessa quest\u00e3o da condena\u00e7\u00e3o do [ex-presidente] Lula\u201d, ressaltou ele, ao falar&nbsp;sobre o processo julgado por Moro na primeira inst\u00e2ncia da Lava Jato, em Curitiba.<\/p>\n\n\n\n<p>Sergio Moro tamb\u00e9m nega qualquer irregularidade em sua conduta. Lula est\u00e1 preso desde&nbsp;7 de abril&nbsp;na Superintend\u00eancia da Pol\u00edcia Federal em Curitiba, ap\u00f3s&nbsp;ter&nbsp;sua condena\u00e7\u00e3o confirmada pelo Tribunal Regional Federal 4\u00aa Regi\u00e3o (TRF4), que imp\u00f4s pena de 12 anos e um m\u00eas de pris\u00e3o pelos crimes de corrup\u00e7\u00e3o passiva e lavagem de dinheiro.<\/p>\n\n\n\n<p>Na semana passada, o Minist\u00e9rio da Justi\u00e7a e Seguran\u00e7a P\u00fablica revelou que uma tentativa de invas\u00e3o do telefone celular do ministro tinha sido identificada, motivando-o a deixar de usar a linha telef\u00f4nica. A Pol\u00edcia Federal instaurou inqu\u00e9rito para apurar a den\u00fancia.<\/p>\n","protected":false},"excerpt":{"rendered":"<p>O presidente Jair Bolsonaro elogiou&nbsp;hoje&nbsp;(13) o trabalho do ministro da Justi\u00e7a e Seguran\u00e7a P\u00fablica, Sergio Moro, durante sua atua\u00e7\u00e3o como juiz da Opera\u00e7\u00e3o Lava Jato.&hellip; <\/p>\n","protected":false},"author":1,"featured_media":99847,"comment_status":"closed","ping_status":"closed","sticky":false,"template":"","format":"standard","meta":{"sfsi_plus_gutenberg_text_before_share":"","sfsi_plus_gutenberg_show_text_before_share":"","sfsi_plus_gutenberg_icon_type":"","sfsi_plus_gutenberg_icon_alignemt":"","sfsi_plus_gutenburg_max_per_row":"","footnotes":""},"categories":[11],"tags":[],"class_list":["post-99846","post","type-post","status-publish","format-standard","has-post-thumbnail","hentry","category-politica"],"_links":{"self":[{"href":"https:\/\/www.caririemacao.com\/1\/wp-json\/wp\/v2\/posts\/99846","targetHints":{"allow":["GET"]}}],"collection":[{"href":"https:\/\/www.caririemacao.com\/1\/wp-json\/wp\/v2\/posts"}],"about":[{"href":"https:\/\/www.caririemacao.com\/1\/wp-json\/wp\/v2\/types\/post"}],"author":[{"embeddable":true,"href":"https:\/\/www.caririemacao.com\/1\/wp-json\/wp\/v2\/users\/1"}],"replies":[{"embeddable":true,"href":"https:\/\/www.caririemacao.com\/1\/wp-json\/wp\/v2\/comments?post=99846"}],"version-history":[{"count":1,"href":"https:\/\/www.caririemacao.com\/1\/wp-json\/wp\/v2\/posts\/99846\/revisions"}],"predecessor-version":[{"id":99848,"href":"https:\/\/www.caririemacao.com\/1\/wp-json\/wp\/v2\/posts\/99846\/revisions\/99848"}],"wp:featuredmedia":[{"embeddable":true,"href":"https:\/\/www.caririemacao.com\/1\/wp-json\/wp\/v2\/media\/99847"}],"wp:attachment":[{"href":"https:\/\/www.caririemacao.com\/1\/wp-json\/wp\/v2\/media?parent=99846"}],"wp:term":[{"taxonomy":"category","embeddable":true,"href":"https:\/\/www.caririemacao.com\/1\/wp-json\/wp\/v2\/categories?post=99846"},{"taxonomy":"post_tag","embeddable":true,"href":"https:\/\/www.caririemacao.com\/1\/wp-json\/wp\/v2\/tags?post=99846"}],"curies":[{"name":"wp","href":"https:\/\/api.w.org\/{rel}","templated":true}]}}