{"id":99851,"date":"2019-06-13T14:53:11","date_gmt":"2019-06-13T17:53:11","guid":{"rendered":"http:\/\/www.caririemacao.com\/1\/?p=99851"},"modified":"2019-06-13T14:53:11","modified_gmt":"2019-06-13T17:53:11","slug":"criminalizacao-da-homofobia-pode-ser-confirmada-hoje-no-supremo","status":"publish","type":"post","link":"https:\/\/www.caririemacao.com\/1\/2019\/06\/13\/criminalizacao-da-homofobia-pode-ser-confirmada-hoje-no-supremo\/","title":{"rendered":"Criminaliza\u00e7\u00e3o da homofobia pode ser confirmada hoje no Supremo"},"content":{"rendered":"\n<p>O Supremo Tribunal Federal (STF) deve retomar&nbsp;hoje&nbsp;(13) o julgamento sobre a criminaliza\u00e7\u00e3o da homofobia e transfobia. A Corte j\u00e1 formou maioria de seis votos a favor da medida, em sess\u00e3o plen\u00e1ria em maio, e o entendimento pode se tornar efetivo caso a an\u00e1lise v\u00e1 at\u00e9 o fim nesta&nbsp;quinta-feira.<\/p>\n\n\n\n<p>O julgamento come\u00e7ou em fevereiro, quando os ministros Edson Fachin, Alexandre de Moraes, Lu\u00eds Roberto Barroso, al\u00e9m do relator, Celso de Mello, votaram a favor da criminaliza\u00e7\u00e3o. O assunto voltou a plen\u00e1rio em&nbsp;23 de maio, quando Rosa Weber e Luiz Fux tamb\u00e9m votaram favoravelmente \u00e0 medida.<\/p>\n\n\n\n<p>Em geral, todos os ministros que votaram at\u00e9 o momento concordaram que h\u00e1 excessiva demora na an\u00e1lise do tema pelo Congresso, que \u00e9 obrigado pela Constitui\u00e7\u00e3o a deliberar sobre puni\u00e7\u00f5es a comportamentos discriminat\u00f3rios, entendeu a maioria.<\/p>\n\n\n\n<p>&#8220;A mora do Poder Legislativo em cumprir a determina\u00e7\u00e3o que lhe foi imposta est\u00e1 devidamente demonstrada. A exist\u00eancia de projetos de lei n\u00e3o afasta a mora inconstitucional, que somente se d\u00e1 com a efetiva conclus\u00e3o do processo legislativo&#8221;, disse Rosa Weber, em maio.<\/p>\n\n\n\n<p>O caso \u00e9 discutido na A\u00e7\u00e3o Direta de Inconstitucionalidade por Omiss\u00e3o (ADO) n\u00ba 26 e no Mandado de Injun\u00e7\u00e3o n\u00ba 4.733, a\u00e7\u00f5es protocoladas&nbsp;pelo PPS e pela Associa\u00e7\u00e3o Brasileiras de Gays, L\u00e9sbicas e Transg\u00eaneros (ABGLT) e das quais s\u00e3o relatores os ministros Celso de Mello e Edson Fachin.<\/p>\n\n\n\n<p>As entidades defendem que a minoria LGBT deve ser entendida como grupo an\u00e1logo ao de &#8220;ra\u00e7a social&#8221;, e os agressores, punidos na forma do crime de racismo, cuja conduta \u00e9 inafian\u00e7\u00e1vel e imprescrit\u00edvel. A pena varia entre um e cinco anos de reclus\u00e3o, de acordo com a conduta.<\/p>\n\n\n\n<p>Em maio, por maioria, os ministros do Supremo decidiram levar adiante o julgamento mesmo ap\u00f3s a aprova\u00e7\u00e3o no m\u00eas passado, na Comiss\u00e3o de Constitui\u00e7\u00e3o e Justi\u00e7a (CCJ) do Senado, de um projeto de lei que tipifica condutas preconceituosas contra pessoas LGBT.<\/p>\n","protected":false},"excerpt":{"rendered":"<p>O Supremo Tribunal Federal (STF) deve retomar&nbsp;hoje&nbsp;(13) o julgamento sobre a criminaliza\u00e7\u00e3o da homofobia e transfobia. A Corte j\u00e1 formou maioria de seis votos a&hellip; <\/p>\n","protected":false},"author":1,"featured_media":99852,"comment_status":"closed","ping_status":"closed","sticky":false,"template":"","format":"standard","meta":{"sfsi_plus_gutenberg_text_before_share":"","sfsi_plus_gutenberg_show_text_before_share":"","sfsi_plus_gutenberg_icon_type":"","sfsi_plus_gutenberg_icon_alignemt":"","sfsi_plus_gutenburg_max_per_row":"","footnotes":""},"categories":[11],"tags":[],"class_list":["post-99851","post","type-post","status-publish","format-standard","has-post-thumbnail","hentry","category-politica"],"_links":{"self":[{"href":"https:\/\/www.caririemacao.com\/1\/wp-json\/wp\/v2\/posts\/99851","targetHints":{"allow":["GET"]}}],"collection":[{"href":"https:\/\/www.caririemacao.com\/1\/wp-json\/wp\/v2\/posts"}],"about":[{"href":"https:\/\/www.caririemacao.com\/1\/wp-json\/wp\/v2\/types\/post"}],"author":[{"embeddable":true,"href":"https:\/\/www.caririemacao.com\/1\/wp-json\/wp\/v2\/users\/1"}],"replies":[{"embeddable":true,"href":"https:\/\/www.caririemacao.com\/1\/wp-json\/wp\/v2\/comments?post=99851"}],"version-history":[{"count":1,"href":"https:\/\/www.caririemacao.com\/1\/wp-json\/wp\/v2\/posts\/99851\/revisions"}],"predecessor-version":[{"id":99853,"href":"https:\/\/www.caririemacao.com\/1\/wp-json\/wp\/v2\/posts\/99851\/revisions\/99853"}],"wp:featuredmedia":[{"embeddable":true,"href":"https:\/\/www.caririemacao.com\/1\/wp-json\/wp\/v2\/media\/99852"}],"wp:attachment":[{"href":"https:\/\/www.caririemacao.com\/1\/wp-json\/wp\/v2\/media?parent=99851"}],"wp:term":[{"taxonomy":"category","embeddable":true,"href":"https:\/\/www.caririemacao.com\/1\/wp-json\/wp\/v2\/categories?post=99851"},{"taxonomy":"post_tag","embeddable":true,"href":"https:\/\/www.caririemacao.com\/1\/wp-json\/wp\/v2\/tags?post=99851"}],"curies":[{"name":"wp","href":"https:\/\/api.w.org\/{rel}","templated":true}]}}