{"id":99873,"date":"2019-06-13T15:14:25","date_gmt":"2019-06-13T18:14:25","guid":{"rendered":"http:\/\/www.caririemacao.com\/1\/?p=99873"},"modified":"2019-06-13T15:14:25","modified_gmt":"2019-06-13T18:14:25","slug":"joao-azevedo-decide-prorrogar-concurso-da-policia-militar-apos-reuniao-com-presidente-da-assembleia","status":"publish","type":"post","link":"https:\/\/www.caririemacao.com\/1\/2019\/06\/13\/joao-azevedo-decide-prorrogar-concurso-da-policia-militar-apos-reuniao-com-presidente-da-assembleia\/","title":{"rendered":"Jo\u00e3o Azev\u00eado decide prorrogar concurso da Pol\u00edcia Militar ap\u00f3s reuni\u00e3o com presidente da Assembleia"},"content":{"rendered":"\n<p>O governador Jo\u00e3o Azev\u00eado pretende prorrogar a validade do concurso com vagas para a Pol\u00edcia Militar da Para\u00edba por mais um ano, atendendo a um pleito dos candidatos aprovados no certame. Em contato com o ClickPB, Adriano Galdino confirmou que teve um encontro com Jo\u00e3o Azev\u00eado e o governador ir\u00e1 aceitar o pedido.<\/p>\n\n\n\n<p>Um grupo de candidatos teve uma reuni\u00e3o com o presidente da Assembleia Legislativa da Para\u00edba, Adriano Galdino, nesta quarta-feira (12). Durante a reuni\u00e3o, os candidatos explicaram que fizeram as etapas do concurso e ficaram habilitados dentro das vagas.<\/p>\n\n\n\n<p>Eles solicitam ao governador para serem inclu\u00eddos no Curso de Forma\u00e7\u00e3o, considerando que ficaram entre os classificados. Adriano Galdino levou as reivindica\u00e7\u00f5es dos candidatos para o governador durante uma reuni\u00e3o e j\u00e1 conseguiu respostas.<\/p>\n\n\n\n<p>&nbsp;O presidente da Assembleia Legislativa informou que considera importante &#8220;prorrogar este concurso por mais um ano para que a gente possa dar a expectativa de direito para quem est\u00e1 fora do edital, mas que possam no futuro assumir a sua vaga na desist\u00eancia de quem passou&#8221;.<\/p>\n\n\n\n<p>O concurso realizado em 2018 pelo Governo da Para\u00edba disponibilizou mil vagas para policiais militares. 500 aprovados j\u00e1 foram convocados e outros 500 ainda aguardam nomea\u00e7\u00e3o.<\/p>\n\n\n\n<figure><iframe width=\"560\" height=\"315\" data-src=\"https:\/\/www.youtube.com\/embed\/m7JqNkNutEs\" allowfullscreen=\"\" src=\"data:image\/svg+xml;base64,PHN2ZyB3aWR0aD0iMSIgaGVpZ2h0PSIxIiB4bWxucz0iaHR0cDovL3d3dy53My5vcmcvMjAwMC9zdmciPjwvc3ZnPg==\" class=\"lazyload\" data-load-mode=\"1\"><\/iframe><\/figure>\n","protected":false},"excerpt":{"rendered":"<p>O governador Jo\u00e3o Azev\u00eado pretende prorrogar a validade do concurso com vagas para a Pol\u00edcia Militar da Para\u00edba por mais um ano, atendendo a um&hellip; <\/p>\n","protected":false},"author":1,"featured_media":99874,"comment_status":"closed","ping_status":"closed","sticky":false,"template":"","format":"standard","meta":{"sfsi_plus_gutenberg_text_before_share":"","sfsi_plus_gutenberg_show_text_before_share":"","sfsi_plus_gutenberg_icon_type":"","sfsi_plus_gutenberg_icon_alignemt":"","sfsi_plus_gutenburg_max_per_row":"","footnotes":""},"categories":[11],"tags":[],"class_list":["post-99873","post","type-post","status-publish","format-standard","has-post-thumbnail","hentry","category-politica"],"_links":{"self":[{"href":"https:\/\/www.caririemacao.com\/1\/wp-json\/wp\/v2\/posts\/99873","targetHints":{"allow":["GET"]}}],"collection":[{"href":"https:\/\/www.caririemacao.com\/1\/wp-json\/wp\/v2\/posts"}],"about":[{"href":"https:\/\/www.caririemacao.com\/1\/wp-json\/wp\/v2\/types\/post"}],"author":[{"embeddable":true,"href":"https:\/\/www.caririemacao.com\/1\/wp-json\/wp\/v2\/users\/1"}],"replies":[{"embeddable":true,"href":"https:\/\/www.caririemacao.com\/1\/wp-json\/wp\/v2\/comments?post=99873"}],"version-history":[{"count":1,"href":"https:\/\/www.caririemacao.com\/1\/wp-json\/wp\/v2\/posts\/99873\/revisions"}],"predecessor-version":[{"id":99875,"href":"https:\/\/www.caririemacao.com\/1\/wp-json\/wp\/v2\/posts\/99873\/revisions\/99875"}],"wp:featuredmedia":[{"embeddable":true,"href":"https:\/\/www.caririemacao.com\/1\/wp-json\/wp\/v2\/media\/99874"}],"wp:attachment":[{"href":"https:\/\/www.caririemacao.com\/1\/wp-json\/wp\/v2\/media?parent=99873"}],"wp:term":[{"taxonomy":"category","embeddable":true,"href":"https:\/\/www.caririemacao.com\/1\/wp-json\/wp\/v2\/categories?post=99873"},{"taxonomy":"post_tag","embeddable":true,"href":"https:\/\/www.caririemacao.com\/1\/wp-json\/wp\/v2\/tags?post=99873"}],"curies":[{"name":"wp","href":"https:\/\/api.w.org\/{rel}","templated":true}]}}