{"id":99883,"date":"2019-06-13T15:16:10","date_gmt":"2019-06-13T18:16:10","guid":{"rendered":"http:\/\/www.caririemacao.com\/1\/?p=99883"},"modified":"2019-06-13T15:16:10","modified_gmt":"2019-06-13T18:16:10","slug":"duas-criancas-sao-mutiladas-por-fogos-de-artificio-em-menos-de-11-dias-diz-hospital-de-trauma","status":"publish","type":"post","link":"https:\/\/www.caririemacao.com\/1\/2019\/06\/13\/duas-criancas-sao-mutiladas-por-fogos-de-artificio-em-menos-de-11-dias-diz-hospital-de-trauma\/","title":{"rendered":"Duas crian\u00e7as s\u00e3o mutiladas por fogos de artif\u00edcio em menos de 11 dias, diz Hospital de Trauma"},"content":{"rendered":"\n<p>Com a chegada das festas juninas, a&nbsp;Unidade de Tratamentos de Queimados do Hospital Estadual de Emerg\u00eancia e Trauma j\u00e1 registrou&nbsp;nestes primeiros 11 dias, a entrada de&nbsp;tr\u00eas crian\u00e7as, sendo que duas delas com&nbsp;mutila\u00e7\u00f5es de&nbsp;fogos de artif\u00edcio. Em compara\u00e7\u00e3o com dados de 2018,&nbsp;quando foram registrados&nbsp;67 casos, e&nbsp;em&nbsp;2017 com 19 casos, o aumento foi de&nbsp;300% nos registros de casos envolvendo queimaduras e mutila\u00e7\u00f5es.&nbsp;&nbsp;<\/p>\n\n\n\n<p>Segundo o coordenador da Unidade, Saulo Montenegro, esse per\u00edodo de festejos juninos \u00e9 de alerta. &#8220;A sociedade deve estar em alerta sobre a import\u00e2ncia da preven\u00e7\u00e3o e dos perigos de manusear fogos de artif\u00edcios. Para se ter uma ideia, nestes primeiros 11 dias, j\u00e1 deram entrada na UTQ, tr\u00eas crian\u00e7as, sendo que duas delas est\u00e3o mutiladas\u201d, completou.<br><\/p>\n\n\n\n<p>Ainda segundo ele, os fogos de&nbsp;artif\u00edcio se&nbsp;n\u00e3o forem manuseados com prud\u00eancia podem oferecer consequ\u00eancias para vida inteira. &#8220;Muitas dessas pessoas acometidas por queimaduras de fogos de artif\u00edcio podem sair do mercado de trabalho por causa de sequelas permanentes nas m\u00e3os ou perda de dedos, al\u00e9m de queimaduras graves. \u201cVale ressaltar que estes produtos devem respeitar a faixa et\u00e1ria recomendada pelo fabricante. Al\u00e9m disso, n\u00e3o se deve solt\u00e1-los perto de redes el\u00e9tricas e de crian\u00e7as, j\u00e1 que elas representam em torno de 40% das entradas de v\u00edtimas de fogos\u201d, frisou.<\/p>\n\n\n\n<p>Durante este per\u00edodo, funciona no Hospital de Trauma, refer\u00eancia para estes casos na Para\u00edba, o disque-queimados. Atrav\u00e9s do n\u00famero 3216-5700, a popula\u00e7\u00e3o pode receber informa\u00e7\u00f5es sobre as medidas at\u00e9 chegar a unidade hospitalar. E durante as festas tradicionais, a institui\u00e7\u00e3o estar\u00e1 com uma equipe multidisplinar refor\u00e7ada para atender todos os casos.<\/p>\n","protected":false},"excerpt":{"rendered":"<p>Com a chegada das festas juninas, a&nbsp;Unidade de Tratamentos de Queimados do Hospital Estadual de Emerg\u00eancia e Trauma j\u00e1 registrou&nbsp;nestes primeiros 11 dias, a entrada&hellip; <\/p>\n","protected":false},"author":1,"featured_media":99884,"comment_status":"closed","ping_status":"closed","sticky":false,"template":"","format":"standard","meta":{"sfsi_plus_gutenberg_text_before_share":"","sfsi_plus_gutenberg_show_text_before_share":"","sfsi_plus_gutenberg_icon_type":"","sfsi_plus_gutenberg_icon_alignemt":"","sfsi_plus_gutenburg_max_per_row":"","footnotes":""},"categories":[2],"tags":[],"class_list":["post-99883","post","type-post","status-publish","format-standard","has-post-thumbnail","hentry","category-geral"],"_links":{"self":[{"href":"https:\/\/www.caririemacao.com\/1\/wp-json\/wp\/v2\/posts\/99883","targetHints":{"allow":["GET"]}}],"collection":[{"href":"https:\/\/www.caririemacao.com\/1\/wp-json\/wp\/v2\/posts"}],"about":[{"href":"https:\/\/www.caririemacao.com\/1\/wp-json\/wp\/v2\/types\/post"}],"author":[{"embeddable":true,"href":"https:\/\/www.caririemacao.com\/1\/wp-json\/wp\/v2\/users\/1"}],"replies":[{"embeddable":true,"href":"https:\/\/www.caririemacao.com\/1\/wp-json\/wp\/v2\/comments?post=99883"}],"version-history":[{"count":1,"href":"https:\/\/www.caririemacao.com\/1\/wp-json\/wp\/v2\/posts\/99883\/revisions"}],"predecessor-version":[{"id":99885,"href":"https:\/\/www.caririemacao.com\/1\/wp-json\/wp\/v2\/posts\/99883\/revisions\/99885"}],"wp:featuredmedia":[{"embeddable":true,"href":"https:\/\/www.caririemacao.com\/1\/wp-json\/wp\/v2\/media\/99884"}],"wp:attachment":[{"href":"https:\/\/www.caririemacao.com\/1\/wp-json\/wp\/v2\/media?parent=99883"}],"wp:term":[{"taxonomy":"category","embeddable":true,"href":"https:\/\/www.caririemacao.com\/1\/wp-json\/wp\/v2\/categories?post=99883"},{"taxonomy":"post_tag","embeddable":true,"href":"https:\/\/www.caririemacao.com\/1\/wp-json\/wp\/v2\/tags?post=99883"}],"curies":[{"name":"wp","href":"https:\/\/api.w.org\/{rel}","templated":true}]}}