{"id":99888,"date":"2019-06-13T15:22:00","date_gmt":"2019-06-13T18:22:00","guid":{"rendered":"http:\/\/www.caririemacao.com\/1\/?p=99888"},"modified":"2019-06-13T15:22:00","modified_gmt":"2019-06-13T18:22:00","slug":"mortes-por-dengue-chegam-a-quase-300-no-brasil-o-triplo-do-mesmo-periodo-de-2018","status":"publish","type":"post","link":"https:\/\/www.caririemacao.com\/1\/2019\/06\/13\/mortes-por-dengue-chegam-a-quase-300-no-brasil-o-triplo-do-mesmo-periodo-de-2018\/","title":{"rendered":"Mortes por dengue chegam a quase 300 no Brasil, o triplo do mesmo per\u00edodo de 2018"},"content":{"rendered":"\n<p>O n\u00famero de mortes por dengue no Brasil \u00e9 quase tr\u00eas vezes maior neste ano em rela\u00e7\u00e3o ao mesmo momento de 2018. De acordo com o boletim do Minist\u00e9rio da Sa\u00fade datado de 5 de junho, as mortes por dengue confirmadas at\u00e9 27 de maio eram 295. No mesmo momento do ano passado, o pa\u00eds havia registrado 99 mortes pela doen\u00e7a transmitida pelo mosquito&nbsp;<a href=\"http:\/\/g1.globo.com\/bemestar\/aedes-aegypti\/\"><em>Aedes aegypti<\/em><\/a><em>.<\/em><\/p>\n\n\n\n<p>S\u00e3o Paulo e Minas Gerais s\u00e3o os estados mais afetados: juntos, somam 68,3% dos casos prov\u00e1veis da doen\u00e7a no pa\u00eds, ou seja, casos ainda n\u00e3o confirmados em laborat\u00f3rio.<\/p>\n\n\n\n<p>De acordo com o boletim da semana epidemiol\u00f3gica 21, o estado de S\u00e3o Paulo teve mais de 320 mil casos prov\u00e1veis de dengue at\u00e9 o fim de maio de 2019 \u2013 enquanto neste momento do ano passado eram pouco menos de 9 mil.<\/p>\n\n\n\n<p>J\u00e1 Minas Gerais registrou mais de 322 mil casos no mesmo per\u00edodo deste ano, ante 20,2 mil at\u00e9 o fim de maio de 2018.<\/p>\n\n\n\n<p>Em todo o Brasil, o n\u00famero de casos prov\u00e1veis de dengue \u00e9 cinco vezes maior do que no mesmo per\u00edodo do ano anterior, num total de 965,04 mil.<\/p>\n\n\n\n<p>Proporcionalmente, outros estados viram a doen\u00e7a se expandir de forma significativa. O Paran\u00e1 registrou um salto de quase 4.000% nos casos prov\u00e1veis, para 37 mil. Tamb\u00e9m em Tocantins, Mato Grosso do Sul, Santa Catarina, Rio Grande do Sul, Roraima e no Distrito Federal o n\u00famero de casos prov\u00e1veis aumentou mais de 1.000%.<\/p>\n\n\n\n<p>Os gr\u00e1ficos das estimativas do minist\u00e9rio, entretanto, indicam que a incid\u00eancia das doen\u00e7as causadas pelo&nbsp;<em>Aedes aegypti<\/em>&nbsp;deve come\u00e7ar a cair ao longo deste ano.<\/p>\n\n\n\n<h2 class=\"wp-block-heading\">Chikungunya e zika<\/h2>\n\n\n\n<p>O mesmo boletim do Minist\u00e9rio da Sa\u00fade contabiliza os casos de chikungunya e zika no Brasil.<\/p>\n\n\n\n<p>Para a&nbsp;<strong>chikungunya<\/strong>, s\u00e3o 12 mortes registradas at\u00e9 o momento (1 na Bahia, 10 no Rio de Janeiro e 1 no Distrito Federal). Por\u00e9m, h\u00e1 42 mortes ainda em investiga\u00e7\u00e3o no estado de Pernambuco. J\u00e1 s\u00e3o mais de 53 mil casos prov\u00e1veis da doen\u00e7a, abaixo dos 57 mil registrados no mesmo per\u00edodo do ano passado. O Rio de Janeiro \u00e9 o estado com maior n\u00famero de casos: quase 36 mil.<\/p>\n\n\n\n<p>Quanto \u00e0&nbsp;<strong>zika<\/strong>, n\u00e3o h\u00e1 mortes confirmadas at\u00e9 o fim de maio de 2019, mas s\u00e3o 6,1 mil casos prov\u00e1veis em todo o pa\u00eds. No mesmo per\u00edodo de 2018, foram registrados 4,88 mil casos prov\u00e1veis.<\/p>\n\n\n\n<p><br><strong>BEM ESTAR<\/strong><\/p>\n","protected":false},"excerpt":{"rendered":"<p>O n\u00famero de mortes por dengue no Brasil \u00e9 quase tr\u00eas vezes maior neste ano em rela\u00e7\u00e3o ao mesmo momento de 2018. De acordo com&hellip; <\/p>\n","protected":false},"author":1,"featured_media":89213,"comment_status":"closed","ping_status":"closed","sticky":false,"template":"","format":"standard","meta":{"sfsi_plus_gutenberg_text_before_share":"","sfsi_plus_gutenberg_show_text_before_share":"","sfsi_plus_gutenberg_icon_type":"","sfsi_plus_gutenberg_icon_alignemt":"","sfsi_plus_gutenburg_max_per_row":"","footnotes":""},"categories":[16],"tags":[],"class_list":["post-99888","post","type-post","status-publish","format-standard","has-post-thumbnail","hentry","category-saude"],"_links":{"self":[{"href":"https:\/\/www.caririemacao.com\/1\/wp-json\/wp\/v2\/posts\/99888","targetHints":{"allow":["GET"]}}],"collection":[{"href":"https:\/\/www.caririemacao.com\/1\/wp-json\/wp\/v2\/posts"}],"about":[{"href":"https:\/\/www.caririemacao.com\/1\/wp-json\/wp\/v2\/types\/post"}],"author":[{"embeddable":true,"href":"https:\/\/www.caririemacao.com\/1\/wp-json\/wp\/v2\/users\/1"}],"replies":[{"embeddable":true,"href":"https:\/\/www.caririemacao.com\/1\/wp-json\/wp\/v2\/comments?post=99888"}],"version-history":[{"count":1,"href":"https:\/\/www.caririemacao.com\/1\/wp-json\/wp\/v2\/posts\/99888\/revisions"}],"predecessor-version":[{"id":99889,"href":"https:\/\/www.caririemacao.com\/1\/wp-json\/wp\/v2\/posts\/99888\/revisions\/99889"}],"wp:featuredmedia":[{"embeddable":true,"href":"https:\/\/www.caririemacao.com\/1\/wp-json\/wp\/v2\/media\/89213"}],"wp:attachment":[{"href":"https:\/\/www.caririemacao.com\/1\/wp-json\/wp\/v2\/media?parent=99888"}],"wp:term":[{"taxonomy":"category","embeddable":true,"href":"https:\/\/www.caririemacao.com\/1\/wp-json\/wp\/v2\/categories?post=99888"},{"taxonomy":"post_tag","embeddable":true,"href":"https:\/\/www.caririemacao.com\/1\/wp-json\/wp\/v2\/tags?post=99888"}],"curies":[{"name":"wp","href":"https:\/\/api.w.org\/{rel}","templated":true}]}}