{"id":99897,"date":"2019-06-14T07:42:49","date_gmt":"2019-06-14T10:42:49","guid":{"rendered":"http:\/\/www.caririemacao.com\/1\/?p=99897"},"modified":"2019-06-14T07:42:49","modified_gmt":"2019-06-14T10:42:49","slug":"gerente-do-bb-agencia-monteiro-elogia-resultados-da-agricultura-familiar-na-prata","status":"publish","type":"post","link":"https:\/\/www.caririemacao.com\/1\/2019\/06\/14\/gerente-do-bb-agencia-monteiro-elogia-resultados-da-agricultura-familiar-na-prata\/","title":{"rendered":"Gerente do BB agencia Monteiro elogia resultados da agricultura familiar na Prata"},"content":{"rendered":"\n<p>O gerente da agencia do Banco do Brasil de Monteiro, C\u00e9lio Alexandre esteve ao lado de sua equipe nesta quinta feira na cidade da Prata em visita de trabalho e aproveitou para conhecer a a\u00e7\u00e3o da prefeitura, atrav\u00e9s da Secretaria de Assist\u00eancia Social em parceira com a CONAB, na qual acontece a distribui\u00e7\u00e3o de verduras semanalmente nas depend\u00eancias do CRAS.<br>A a\u00e7\u00e3o contempla produtores rurais dos assentamentos Macacos, Lajinha e Balan\u00e7o com a aquisi\u00e7\u00e3o de suas demandas agr\u00edcolas.&nbsp;<br>Os membros da equipe t\u00e9cnica do BB ficaram maravilhados com o resultado da agricultura familiar na Prata que leva os alimentos \u00e0 mesa da fam\u00edlia carente, nesse caso as fam\u00edlias benefici\u00e1rias do Bolsa Fam\u00edlia.<br>\u201cS\u00e3o depoimentos como esses que nos impulsionam cada vez mais a prestar o melhor servi\u00e7o\u201d, ratificou o prefeito pratense J\u00fanior N\u00f3brega.<br><strong>F\u00c1BIO BRITO<\/strong><\/p>\n","protected":false},"excerpt":{"rendered":"<p>O gerente da agencia do Banco do Brasil de Monteiro, C\u00e9lio Alexandre esteve ao lado de sua equipe nesta quinta feira na cidade da Prata&hellip; <\/p>\n","protected":false},"author":1,"featured_media":99898,"comment_status":"closed","ping_status":"closed","sticky":false,"template":"","format":"standard","meta":{"sfsi_plus_gutenberg_text_before_share":"","sfsi_plus_gutenberg_show_text_before_share":"","sfsi_plus_gutenberg_icon_type":"","sfsi_plus_gutenberg_icon_alignemt":"","sfsi_plus_gutenburg_max_per_row":"","footnotes":""},"categories":[6],"tags":[],"class_list":["post-99897","post","type-post","status-publish","format-standard","has-post-thumbnail","hentry","category-cidades"],"_links":{"self":[{"href":"https:\/\/www.caririemacao.com\/1\/wp-json\/wp\/v2\/posts\/99897","targetHints":{"allow":["GET"]}}],"collection":[{"href":"https:\/\/www.caririemacao.com\/1\/wp-json\/wp\/v2\/posts"}],"about":[{"href":"https:\/\/www.caririemacao.com\/1\/wp-json\/wp\/v2\/types\/post"}],"author":[{"embeddable":true,"href":"https:\/\/www.caririemacao.com\/1\/wp-json\/wp\/v2\/users\/1"}],"replies":[{"embeddable":true,"href":"https:\/\/www.caririemacao.com\/1\/wp-json\/wp\/v2\/comments?post=99897"}],"version-history":[{"count":1,"href":"https:\/\/www.caririemacao.com\/1\/wp-json\/wp\/v2\/posts\/99897\/revisions"}],"predecessor-version":[{"id":99899,"href":"https:\/\/www.caririemacao.com\/1\/wp-json\/wp\/v2\/posts\/99897\/revisions\/99899"}],"wp:featuredmedia":[{"embeddable":true,"href":"https:\/\/www.caririemacao.com\/1\/wp-json\/wp\/v2\/media\/99898"}],"wp:attachment":[{"href":"https:\/\/www.caririemacao.com\/1\/wp-json\/wp\/v2\/media?parent=99897"}],"wp:term":[{"taxonomy":"category","embeddable":true,"href":"https:\/\/www.caririemacao.com\/1\/wp-json\/wp\/v2\/categories?post=99897"},{"taxonomy":"post_tag","embeddable":true,"href":"https:\/\/www.caririemacao.com\/1\/wp-json\/wp\/v2\/tags?post=99897"}],"curies":[{"name":"wp","href":"https:\/\/api.w.org\/{rel}","templated":true}]}}