{"id":99904,"date":"2019-06-14T07:45:04","date_gmt":"2019-06-14T10:45:04","guid":{"rendered":"http:\/\/www.caririemacao.com\/1\/?p=99904"},"modified":"2019-06-14T07:45:04","modified_gmt":"2019-06-14T10:45:04","slug":"criminosos-arrombam-estabelecimentos-comerciais-no-mercado-publico-de-monteiro","status":"publish","type":"post","link":"https:\/\/www.caririemacao.com\/1\/2019\/06\/14\/criminosos-arrombam-estabelecimentos-comerciais-no-mercado-publico-de-monteiro\/","title":{"rendered":"Criminosos arrombam estabelecimentos comerciais no mercado p\u00fablico de Monteiro"},"content":{"rendered":"\n<p>Tr\u00eas estabelecimentos comerciais de Monteiro foram arrombados na noite desta quinta-feira (13).<br>De acordo com as primeiras informa\u00e7\u00f5es, os alvos dos bandidos foram tr\u00eas boxes comerciais que funcionam dentro mercado p\u00fablico do munic\u00edpio.<br>Ainda de acordo com relatos, os bandidos levaram dinheiro e mercadorias.<\/p>\n","protected":false},"excerpt":{"rendered":"<p>Tr\u00eas estabelecimentos comerciais de Monteiro foram arrombados na noite desta quinta-feira (13).De acordo com as primeiras informa\u00e7\u00f5es, os alvos dos bandidos foram tr\u00eas boxes comerciais&hellip; <\/p>\n","protected":false},"author":1,"featured_media":99905,"comment_status":"closed","ping_status":"closed","sticky":false,"template":"","format":"standard","meta":{"sfsi_plus_gutenberg_text_before_share":"","sfsi_plus_gutenberg_show_text_before_share":"","sfsi_plus_gutenberg_icon_type":"","sfsi_plus_gutenberg_icon_alignemt":"","sfsi_plus_gutenburg_max_per_row":"","footnotes":""},"categories":[50,12],"tags":[],"class_list":["post-99904","post","type-post","status-publish","format-standard","has-post-thumbnail","hentry","category-destaque","category-policia"],"_links":{"self":[{"href":"https:\/\/www.caririemacao.com\/1\/wp-json\/wp\/v2\/posts\/99904","targetHints":{"allow":["GET"]}}],"collection":[{"href":"https:\/\/www.caririemacao.com\/1\/wp-json\/wp\/v2\/posts"}],"about":[{"href":"https:\/\/www.caririemacao.com\/1\/wp-json\/wp\/v2\/types\/post"}],"author":[{"embeddable":true,"href":"https:\/\/www.caririemacao.com\/1\/wp-json\/wp\/v2\/users\/1"}],"replies":[{"embeddable":true,"href":"https:\/\/www.caririemacao.com\/1\/wp-json\/wp\/v2\/comments?post=99904"}],"version-history":[{"count":1,"href":"https:\/\/www.caririemacao.com\/1\/wp-json\/wp\/v2\/posts\/99904\/revisions"}],"predecessor-version":[{"id":99906,"href":"https:\/\/www.caririemacao.com\/1\/wp-json\/wp\/v2\/posts\/99904\/revisions\/99906"}],"wp:featuredmedia":[{"embeddable":true,"href":"https:\/\/www.caririemacao.com\/1\/wp-json\/wp\/v2\/media\/99905"}],"wp:attachment":[{"href":"https:\/\/www.caririemacao.com\/1\/wp-json\/wp\/v2\/media?parent=99904"}],"wp:term":[{"taxonomy":"category","embeddable":true,"href":"https:\/\/www.caririemacao.com\/1\/wp-json\/wp\/v2\/categories?post=99904"},{"taxonomy":"post_tag","embeddable":true,"href":"https:\/\/www.caririemacao.com\/1\/wp-json\/wp\/v2\/tags?post=99904"}],"curies":[{"name":"wp","href":"https:\/\/api.w.org\/{rel}","templated":true}]}}