{"id":99910,"date":"2019-06-14T07:47:16","date_gmt":"2019-06-14T10:47:16","guid":{"rendered":"http:\/\/www.caririemacao.com\/1\/?p=99910"},"modified":"2019-06-14T07:47:16","modified_gmt":"2019-06-14T10:47:16","slug":"chamas-atingem-galpao-de-deposito-das-lojas-moveletro-na-cidade-de-camalau","status":"publish","type":"post","link":"https:\/\/www.caririemacao.com\/1\/2019\/06\/14\/chamas-atingem-galpao-de-deposito-das-lojas-moveletro-na-cidade-de-camalau\/","title":{"rendered":"Chamas atingem galp\u00e3o de dep\u00f3sito das Lojas Moveletro na cidade de Camala\u00fa"},"content":{"rendered":"\n<p>Um inc\u00eandio de grandes propor\u00e7\u00f5es atingiu o galp\u00e3o de dep\u00f3sito das Lojas Moveletro na cidade de Camala\u00fa no Cariri da Para\u00edba, no final da tarde desta quinta-feira(13).<\/p>\n\n\n\n<p>Segundo informa\u00e7\u00f5es apuradas pela nossa reportagem, n\u00e3o se sabe ainda os motivos do inc\u00eandio. A popula\u00e7\u00e3o de Camala\u00fa ficou assustada pelas grandes chamas que se propagaram rapidamente por todo o pr\u00e9dio e o medo agora, \u00e9 que as chamas se alastrem pelas resid\u00eancias vizinhas ao galp\u00e3o, que fica localizado no centro da cidade de Camala\u00fa.<\/p>\n\n\n\n<p>O Corpo de Bombeiros da cidade de Campina Grande foi acionado. Mais informa\u00e7\u00f5es em instantes.<\/p>\n\n\n\n<p>De olho no cariri <\/p>\n","protected":false},"excerpt":{"rendered":"<p>Um inc\u00eandio de grandes propor\u00e7\u00f5es atingiu o galp\u00e3o de dep\u00f3sito das Lojas Moveletro na cidade de Camala\u00fa no Cariri da Para\u00edba, no final da tarde&hellip; <\/p>\n","protected":false},"author":1,"featured_media":99911,"comment_status":"closed","ping_status":"closed","sticky":false,"template":"","format":"standard","meta":{"sfsi_plus_gutenberg_text_before_share":"","sfsi_plus_gutenberg_show_text_before_share":"","sfsi_plus_gutenberg_icon_type":"","sfsi_plus_gutenberg_icon_alignemt":"","sfsi_plus_gutenburg_max_per_row":"","footnotes":""},"categories":[6],"tags":[],"class_list":["post-99910","post","type-post","status-publish","format-standard","has-post-thumbnail","hentry","category-cidades"],"_links":{"self":[{"href":"https:\/\/www.caririemacao.com\/1\/wp-json\/wp\/v2\/posts\/99910","targetHints":{"allow":["GET"]}}],"collection":[{"href":"https:\/\/www.caririemacao.com\/1\/wp-json\/wp\/v2\/posts"}],"about":[{"href":"https:\/\/www.caririemacao.com\/1\/wp-json\/wp\/v2\/types\/post"}],"author":[{"embeddable":true,"href":"https:\/\/www.caririemacao.com\/1\/wp-json\/wp\/v2\/users\/1"}],"replies":[{"embeddable":true,"href":"https:\/\/www.caririemacao.com\/1\/wp-json\/wp\/v2\/comments?post=99910"}],"version-history":[{"count":1,"href":"https:\/\/www.caririemacao.com\/1\/wp-json\/wp\/v2\/posts\/99910\/revisions"}],"predecessor-version":[{"id":99912,"href":"https:\/\/www.caririemacao.com\/1\/wp-json\/wp\/v2\/posts\/99910\/revisions\/99912"}],"wp:featuredmedia":[{"embeddable":true,"href":"https:\/\/www.caririemacao.com\/1\/wp-json\/wp\/v2\/media\/99911"}],"wp:attachment":[{"href":"https:\/\/www.caririemacao.com\/1\/wp-json\/wp\/v2\/media?parent=99910"}],"wp:term":[{"taxonomy":"category","embeddable":true,"href":"https:\/\/www.caririemacao.com\/1\/wp-json\/wp\/v2\/categories?post=99910"},{"taxonomy":"post_tag","embeddable":true,"href":"https:\/\/www.caririemacao.com\/1\/wp-json\/wp\/v2\/tags?post=99910"}],"curies":[{"name":"wp","href":"https:\/\/api.w.org\/{rel}","templated":true}]}}