{"id":99915,"date":"2019-06-14T07:48:52","date_gmt":"2019-06-14T10:48:52","guid":{"rendered":"http:\/\/www.caririemacao.com\/1\/?p=99915"},"modified":"2019-06-14T07:48:52","modified_gmt":"2019-06-14T10:48:52","slug":"mpf-na-pb-divulga-resultado-de-concurso-de-estagio-em-letras-com-vagas-para-monteiro","status":"publish","type":"post","link":"https:\/\/www.caririemacao.com\/1\/2019\/06\/14\/mpf-na-pb-divulga-resultado-de-concurso-de-estagio-em-letras-com-vagas-para-monteiro\/","title":{"rendered":"MPF na PB divulga resultado de concurso de est\u00e1gio em Letras com vagas para Monteiro"},"content":{"rendered":"\n<div class=\"wp-block-image\"><figure class=\"alignleft\"><img decoding=\"async\" data-src=\"https:\/\/i0.wp.com\/www.vitrinedocariri.com.br\/wp-content\/uploads\/2018\/09\/mpf_monteiro.jpg?zoom=2&amp;resize=330%2C220&amp;ssl=1\" alt=\"\" class=\"wp-image-22378 lazyload\" src=\"data:image\/svg+xml;base64,PHN2ZyB3aWR0aD0iMSIgaGVpZ2h0PSIxIiB4bWxucz0iaHR0cDovL3d3dy53My5vcmcvMjAwMC9zdmciPjwvc3ZnPg==\" \/><\/figure><\/div>\n\n\n\n<p>O Minist\u00e9rio P\u00fablico Federal (MPF) na Para\u00edba divulgou nesta quinta-feira (13) a lista dos candidatos aprovados nas provas objetivas do processo seletivo p\u00fablico para est\u00e1gio nas \u00e1reas de Gest\u00e3o P\u00fablica, Ci\u00eancias Cont\u00e1beis, Inform\u00e1tica, Jornalismo e Publicidade (Jo\u00e3o Pessoa), al\u00e9m de Letras (Monteiro). Os candidatos t\u00eam prazo recursal de dois dias.<\/p>\n\n\n\n<p>Para Jornalismo e Publicidade, ainda ser\u00e3o corrigidas as provas subjetivas.<\/p>\n\n\n\n<p><a href=\"http:\/\/www.mpf.mp.br\/pb\/estagie-conosco\/selecao-da-area-meio-2019\/edital-no-13-2019-resultado-objetiva-de-publicidade-e-jornalismo-e-resultado-final-de-gestao-publica-ciencias-contabeis-e-informatica-selecao-da-area-meio-2019-joao-pessoa\/view\">Confira o resultado (Jo\u00e3o Pessoa) \u2013 Edital 13\/2019<\/a><br><a href=\"http:\/\/www.mpf.mp.br\/pb\/estagie-conosco\/selecao-da-area-meio-monteiro-2019\/edital-no-14-2019-resultado-objetiva-e-resultado-final-de-letras-selecao-da-area-meio-2019-monteiro\/view\">Confira o resultado (Monteiro) \u2013 Edital 14\/2019<\/a><\/p>\n\n\n\n<p>Mais informa\u00e7\u00f5es no N\u00facleo de Gest\u00e3o de Pessoas do MPF\/PB: (83) 3044-6268 e prpb-nugep@mpf.mp.br<\/p>\n","protected":false},"excerpt":{"rendered":"<p>O Minist\u00e9rio P\u00fablico Federal (MPF) na Para\u00edba divulgou nesta quinta-feira (13) a lista dos candidatos aprovados nas provas objetivas do processo seletivo p\u00fablico para est\u00e1gio&hellip; <\/p>\n","protected":false},"author":1,"featured_media":40914,"comment_status":"closed","ping_status":"closed","sticky":false,"template":"","format":"standard","meta":{"sfsi_plus_gutenberg_text_before_share":"","sfsi_plus_gutenberg_show_text_before_share":"","sfsi_plus_gutenberg_icon_type":"","sfsi_plus_gutenberg_icon_alignemt":"","sfsi_plus_gutenburg_max_per_row":"","footnotes":""},"categories":[2],"tags":[],"class_list":["post-99915","post","type-post","status-publish","format-standard","has-post-thumbnail","hentry","category-geral"],"_links":{"self":[{"href":"https:\/\/www.caririemacao.com\/1\/wp-json\/wp\/v2\/posts\/99915","targetHints":{"allow":["GET"]}}],"collection":[{"href":"https:\/\/www.caririemacao.com\/1\/wp-json\/wp\/v2\/posts"}],"about":[{"href":"https:\/\/www.caririemacao.com\/1\/wp-json\/wp\/v2\/types\/post"}],"author":[{"embeddable":true,"href":"https:\/\/www.caririemacao.com\/1\/wp-json\/wp\/v2\/users\/1"}],"replies":[{"embeddable":true,"href":"https:\/\/www.caririemacao.com\/1\/wp-json\/wp\/v2\/comments?post=99915"}],"version-history":[{"count":2,"href":"https:\/\/www.caririemacao.com\/1\/wp-json\/wp\/v2\/posts\/99915\/revisions"}],"predecessor-version":[{"id":99917,"href":"https:\/\/www.caririemacao.com\/1\/wp-json\/wp\/v2\/posts\/99915\/revisions\/99917"}],"wp:featuredmedia":[{"embeddable":true,"href":"https:\/\/www.caririemacao.com\/1\/wp-json\/wp\/v2\/media\/40914"}],"wp:attachment":[{"href":"https:\/\/www.caririemacao.com\/1\/wp-json\/wp\/v2\/media?parent=99915"}],"wp:term":[{"taxonomy":"category","embeddable":true,"href":"https:\/\/www.caririemacao.com\/1\/wp-json\/wp\/v2\/categories?post=99915"},{"taxonomy":"post_tag","embeddable":true,"href":"https:\/\/www.caririemacao.com\/1\/wp-json\/wp\/v2\/tags?post=99915"}],"curies":[{"name":"wp","href":"https:\/\/api.w.org\/{rel}","templated":true}]}}