{"id":99921,"date":"2019-06-14T07:53:20","date_gmt":"2019-06-14T10:53:20","guid":{"rendered":"http:\/\/www.caririemacao.com\/1\/?p=99921"},"modified":"2019-06-14T07:53:20","modified_gmt":"2019-06-14T10:53:20","slug":"prefeitura-de-sao-joao-do-tigre-inicia-cadastramento-para-concessao-de-quiosques-na-praca-de-eventos","status":"publish","type":"post","link":"https:\/\/www.caririemacao.com\/1\/2019\/06\/14\/prefeitura-de-sao-joao-do-tigre-inicia-cadastramento-para-concessao-de-quiosques-na-praca-de-eventos\/","title":{"rendered":"Prefeitura de S\u00e3o Jo\u00e3o do Tigre inicia cadastramento para concess\u00e3o de quiosques na Pra\u00e7a de Eventos"},"content":{"rendered":"\n<p>O Governo Municipal de S\u00e3o Jo\u00e3o do Tigre, atrav\u00e9s da Comiss\u00e3o Permanente de Licita\u00e7\u00e3o (CPL) inicia cadastramento de interessados para preenchimento dos quiosques localizados na Pra\u00e7a Estanilau Ventura Mendes. As inscri\u00e7\u00f5es dos interessados poder\u00e3o ser realizadas no per\u00edodo de 14 a 17 de junho, em hor\u00e1rio de atendimento ao p\u00fablico, na sede da Prefeitura Municipal.<\/p>\n\n\n\n<p>Os envelopes com a documenta\u00e7\u00e3o dever\u00e3o ser entregues at\u00e9 \u00e0s 10h da pr\u00f3xima ter\u00e7a-feira (18), na sala de licita\u00e7\u00e3o da Prefeitura Municipal. O resultado ser\u00e1 divulgado no mesmo dia, a partir das 14 horas.<\/p>\n\n\n\n<p><strong>Requisitos<\/strong><\/p>\n\n\n\n<p>O interessado dever\u00e1 apresentar proposta no valor inicial de R$ 200,00 (Duzentos Reais) mensal, ficando vencedora a proposta que apresentar o maior valor.&nbsp;Somente poder\u00e1 participar do cadastramento pessoas com resid\u00eancia domiciliar no munic\u00edpio a mais de 5 anos.<\/p>\n\n\n\n<p><strong>Documenta\u00e7\u00e3o<\/strong><\/p>\n\n\n\n<p>C\u00f3pias autenticadas dos seguintes documentos: RG, CPF, Comprovante de Resid\u00eancia, Certid\u00e3o Negativa de Antecedentes Criminais de 1\u00aa e 2\u00aa instancia, Certid\u00e3o Negativa de D\u00e9bitos Municipais e Certid\u00e3o de Quita\u00e7\u00e3o Eleitoral.<\/p>\n\n\n\n<p>O participante ainda dever\u00e1 apresentar Declara\u00e7\u00e3o de concord\u00e2ncia com os termos a serem utilizados para manuten\u00e7\u00e3o e limpeza de toda \u00e1rea do quiosque pretendido e Declara\u00e7\u00e3o de que atua no ramo de bares e lanchonetes com experi\u00eancia comprovada<\/p>\n\n\n\n<p><em>Com Folha do Cariri<\/em><\/p>\n","protected":false},"excerpt":{"rendered":"<p>O Governo Municipal de S\u00e3o Jo\u00e3o do Tigre, atrav\u00e9s da Comiss\u00e3o Permanente de Licita\u00e7\u00e3o (CPL) inicia cadastramento de interessados para preenchimento dos quiosques localizados na&hellip; <\/p>\n","protected":false},"author":1,"featured_media":99922,"comment_status":"closed","ping_status":"closed","sticky":false,"template":"","format":"standard","meta":{"sfsi_plus_gutenberg_text_before_share":"","sfsi_plus_gutenberg_show_text_before_share":"","sfsi_plus_gutenberg_icon_type":"","sfsi_plus_gutenberg_icon_alignemt":"","sfsi_plus_gutenburg_max_per_row":"","footnotes":""},"categories":[2],"tags":[],"class_list":["post-99921","post","type-post","status-publish","format-standard","has-post-thumbnail","hentry","category-geral"],"_links":{"self":[{"href":"https:\/\/www.caririemacao.com\/1\/wp-json\/wp\/v2\/posts\/99921","targetHints":{"allow":["GET"]}}],"collection":[{"href":"https:\/\/www.caririemacao.com\/1\/wp-json\/wp\/v2\/posts"}],"about":[{"href":"https:\/\/www.caririemacao.com\/1\/wp-json\/wp\/v2\/types\/post"}],"author":[{"embeddable":true,"href":"https:\/\/www.caririemacao.com\/1\/wp-json\/wp\/v2\/users\/1"}],"replies":[{"embeddable":true,"href":"https:\/\/www.caririemacao.com\/1\/wp-json\/wp\/v2\/comments?post=99921"}],"version-history":[{"count":1,"href":"https:\/\/www.caririemacao.com\/1\/wp-json\/wp\/v2\/posts\/99921\/revisions"}],"predecessor-version":[{"id":99923,"href":"https:\/\/www.caririemacao.com\/1\/wp-json\/wp\/v2\/posts\/99921\/revisions\/99923"}],"wp:featuredmedia":[{"embeddable":true,"href":"https:\/\/www.caririemacao.com\/1\/wp-json\/wp\/v2\/media\/99922"}],"wp:attachment":[{"href":"https:\/\/www.caririemacao.com\/1\/wp-json\/wp\/v2\/media?parent=99921"}],"wp:term":[{"taxonomy":"category","embeddable":true,"href":"https:\/\/www.caririemacao.com\/1\/wp-json\/wp\/v2\/categories?post=99921"},{"taxonomy":"post_tag","embeddable":true,"href":"https:\/\/www.caririemacao.com\/1\/wp-json\/wp\/v2\/tags?post=99921"}],"curies":[{"name":"wp","href":"https:\/\/api.w.org\/{rel}","templated":true}]}}