{"id":99926,"date":"2019-06-14T07:55:04","date_gmt":"2019-06-14T10:55:04","guid":{"rendered":"http:\/\/www.caririemacao.com\/1\/?p=99926"},"modified":"2019-06-14T07:55:04","modified_gmt":"2019-06-14T10:55:04","slug":"prefeito-de-sao-jose-dos-cordeiros-anuncia-inicio-da-construcao-de-banheiros-na-zona-rural","status":"publish","type":"post","link":"https:\/\/www.caririemacao.com\/1\/2019\/06\/14\/prefeito-de-sao-jose-dos-cordeiros-anuncia-inicio-da-construcao-de-banheiros-na-zona-rural\/","title":{"rendered":"Prefeito de S\u00e3o Jos\u00e9 dos Cordeiros anuncia in\u00edcio da constru\u00e7\u00e3o de banheiros na zona rural"},"content":{"rendered":"\n<p>A Prefeitura de S\u00e3o Jos\u00e9 dos Cordeiros e a Funasa celebraram um conv\u00eanio num investimento de R$ 250 mil para a constru\u00e7\u00e3o de melhorias sanit\u00e1rias no s\u00edtio Serra da Pelada, zona rural do munic\u00edpio.<\/p>\n\n\n\n<p>O recurso j\u00e1 est\u00e1 em conta e os servi\u00e7os foram iniciados. Segundo o prefeito Jefferson Roberto, ser\u00e3o constru\u00eddos na comunidade 21 banheiros, a partir de um projeto feito pelo munic\u00edpio e aprovado pela Funda\u00e7\u00e3o Nacional de Sa\u00fade.<\/p>\n\n\n\n<p>Para o prefeito Jefferson Roberto, a gest\u00e3o tem trabalhado fortemente na conquista de projetos e na promo\u00e7\u00e3o de melhores condi\u00e7\u00f5es para a vida dos cordeirenses. \u201cEntendo que gest\u00e3o p\u00fablica se faz com planejamento, mas pensando na melhoria da qualidade de vida, no bem estar das pessoas. \u00c9 com esse foco que continuaremos promovendo a\u00e7\u00f5es em prol de S\u00e3o Jos\u00e9 dos Cordeiros\u201d, destacou o gestor.<\/p>\n","protected":false},"excerpt":{"rendered":"<p>A Prefeitura de S\u00e3o Jos\u00e9 dos Cordeiros e a Funasa celebraram um conv\u00eanio num investimento de R$ 250 mil para a constru\u00e7\u00e3o de melhorias sanit\u00e1rias&hellip; <\/p>\n","protected":false},"author":1,"featured_media":99927,"comment_status":"closed","ping_status":"closed","sticky":false,"template":"","format":"standard","meta":{"sfsi_plus_gutenberg_text_before_share":"","sfsi_plus_gutenberg_show_text_before_share":"","sfsi_plus_gutenberg_icon_type":"","sfsi_plus_gutenberg_icon_alignemt":"","sfsi_plus_gutenburg_max_per_row":"","footnotes":""},"categories":[2],"tags":[],"class_list":["post-99926","post","type-post","status-publish","format-standard","has-post-thumbnail","hentry","category-geral"],"_links":{"self":[{"href":"https:\/\/www.caririemacao.com\/1\/wp-json\/wp\/v2\/posts\/99926","targetHints":{"allow":["GET"]}}],"collection":[{"href":"https:\/\/www.caririemacao.com\/1\/wp-json\/wp\/v2\/posts"}],"about":[{"href":"https:\/\/www.caririemacao.com\/1\/wp-json\/wp\/v2\/types\/post"}],"author":[{"embeddable":true,"href":"https:\/\/www.caririemacao.com\/1\/wp-json\/wp\/v2\/users\/1"}],"replies":[{"embeddable":true,"href":"https:\/\/www.caririemacao.com\/1\/wp-json\/wp\/v2\/comments?post=99926"}],"version-history":[{"count":1,"href":"https:\/\/www.caririemacao.com\/1\/wp-json\/wp\/v2\/posts\/99926\/revisions"}],"predecessor-version":[{"id":99928,"href":"https:\/\/www.caririemacao.com\/1\/wp-json\/wp\/v2\/posts\/99926\/revisions\/99928"}],"wp:featuredmedia":[{"embeddable":true,"href":"https:\/\/www.caririemacao.com\/1\/wp-json\/wp\/v2\/media\/99927"}],"wp:attachment":[{"href":"https:\/\/www.caririemacao.com\/1\/wp-json\/wp\/v2\/media?parent=99926"}],"wp:term":[{"taxonomy":"category","embeddable":true,"href":"https:\/\/www.caririemacao.com\/1\/wp-json\/wp\/v2\/categories?post=99926"},{"taxonomy":"post_tag","embeddable":true,"href":"https:\/\/www.caririemacao.com\/1\/wp-json\/wp\/v2\/tags?post=99926"}],"curies":[{"name":"wp","href":"https:\/\/api.w.org\/{rel}","templated":true}]}}