{"id":99944,"date":"2019-06-14T09:27:55","date_gmt":"2019-06-14T12:27:55","guid":{"rendered":"http:\/\/www.caririemacao.com\/1\/?p=99944"},"modified":"2019-06-14T09:27:55","modified_gmt":"2019-06-14T12:27:55","slug":"homofobia-e-crime-inafiancavel-e-imprescritivel-decide-stf","status":"publish","type":"post","link":"https:\/\/www.caririemacao.com\/1\/2019\/06\/14\/homofobia-e-crime-inafiancavel-e-imprescritivel-decide-stf\/","title":{"rendered":"Homofobia \u00e9 crime inafian\u00e7\u00e1vel e imprescrit\u00edvel, decide STF"},"content":{"rendered":"\n<p>Em julgamento conclu\u00eddo nesta quinta-feira, o Supremo Tribunal Federal (STF) decidiu que homofobia \u00e9 crime. Por oito votos a tr\u00eas, os ministros equipararam as pr\u00e1ticas de homofobia e transfobia ao crime de racismo.<\/p>\n\n\n\n<p>Quem ofender ou discriminar gays ou transg\u00eaneros estar\u00e1 sujeito a puni\u00e7\u00e3o de um a tr\u00eas anos de pris\u00e3o. Assim como no caso de racismo, o crime ser\u00e1 inafian\u00e7\u00e1vel e imprescrit\u00edvel.<\/p>\n\n\n\n<p>Os ministros fizeram algumas ressalvas quanto a manifesta\u00e7\u00f5es em templos religiosos. N\u00e3o ser\u00e1 crime dizer ser contr\u00e1rio \u00e0 homossexualidade. Mas, caso pratiquem, induzam ou incitem a discrimina\u00e7\u00e3o ou preconceito, poder\u00e3o responder criminalmente por isso.<\/p>\n\n\n\n<p>Ao fim da sess\u00e3o, o ministro Celso de Mello, relator de uma das duas a\u00e7\u00f5es julgadas sobre o tema, leu a tese, uma esp\u00e9cie de resumo do que foi decidido. O texto, com tr\u00eas pontos, foi aprovado pelo plen\u00e1rio.<\/p>\n\n\n\n<p>\u2014 A repress\u00e3o penal \u00e0 pr\u00e1tica da homotransfobia n\u00e3o alcan\u00e7a nem restringe ou limita o exerc\u00edcio da liberdade religiosa, qualquer que seja a denomina\u00e7\u00e3o confessional professada, a cujos fi\u00e9is e ministros \u00e9 assegurado o direito de pregar e de divulgar, livremente, pela palavra, pela imagem ou por qualquer outro meio, o seu pensamento e de externar suas convic\u00e7\u00f5es de acordo com o que se contiver em seus livros e c\u00f3digos sagrados, bem assim o de ensinar segundo sua orienta\u00e7\u00e3o doutrin\u00e1ria e\/ou teol\u00f3gica \u2014 disse o decano do STF, ao ler o segundo ponto da tese.<\/p>\n\n\n\n<p>A decis\u00e3o estabeleceu ainda que os religiosos poder\u00e3o \u201cbuscar e conquistar pros\u00e9litos e praticar os atos de culto e respectiva liturgia, independentemente do espa\u00e7o, p\u00fablico ou privado, de sua atua\u00e7\u00e3o individual ou coletiva, desde que tais manifesta\u00e7\u00f5es n\u00e3o configurem discurso de \u00f3dio, assim entendidas aquelas exterioriza\u00e7\u00f5es que incitem a discrimina\u00e7\u00e3o, a hostilidade ou a viol\u00eancia contra pessoas em raz\u00e3o de sua orienta\u00e7\u00e3o sexual ou de sua identidade de g\u00eanero\u201d.<\/p>\n\n\n\n<p><em>Com Ag\u00eancia Brasil<\/em><\/p>\n","protected":false},"excerpt":{"rendered":"<p>Em julgamento conclu\u00eddo nesta quinta-feira, o Supremo Tribunal Federal (STF) decidiu que homofobia \u00e9 crime. Por oito votos a tr\u00eas, os ministros equipararam as pr\u00e1ticas&hellip; <\/p>\n","protected":false},"author":1,"featured_media":87295,"comment_status":"closed","ping_status":"closed","sticky":false,"template":"","format":"standard","meta":{"sfsi_plus_gutenberg_text_before_share":"","sfsi_plus_gutenberg_show_text_before_share":"","sfsi_plus_gutenberg_icon_type":"","sfsi_plus_gutenberg_icon_alignemt":"","sfsi_plus_gutenburg_max_per_row":"","footnotes":""},"categories":[2],"tags":[],"class_list":["post-99944","post","type-post","status-publish","format-standard","has-post-thumbnail","hentry","category-geral"],"_links":{"self":[{"href":"https:\/\/www.caririemacao.com\/1\/wp-json\/wp\/v2\/posts\/99944","targetHints":{"allow":["GET"]}}],"collection":[{"href":"https:\/\/www.caririemacao.com\/1\/wp-json\/wp\/v2\/posts"}],"about":[{"href":"https:\/\/www.caririemacao.com\/1\/wp-json\/wp\/v2\/types\/post"}],"author":[{"embeddable":true,"href":"https:\/\/www.caririemacao.com\/1\/wp-json\/wp\/v2\/users\/1"}],"replies":[{"embeddable":true,"href":"https:\/\/www.caririemacao.com\/1\/wp-json\/wp\/v2\/comments?post=99944"}],"version-history":[{"count":1,"href":"https:\/\/www.caririemacao.com\/1\/wp-json\/wp\/v2\/posts\/99944\/revisions"}],"predecessor-version":[{"id":99945,"href":"https:\/\/www.caririemacao.com\/1\/wp-json\/wp\/v2\/posts\/99944\/revisions\/99945"}],"wp:featuredmedia":[{"embeddable":true,"href":"https:\/\/www.caririemacao.com\/1\/wp-json\/wp\/v2\/media\/87295"}],"wp:attachment":[{"href":"https:\/\/www.caririemacao.com\/1\/wp-json\/wp\/v2\/media?parent=99944"}],"wp:term":[{"taxonomy":"category","embeddable":true,"href":"https:\/\/www.caririemacao.com\/1\/wp-json\/wp\/v2\/categories?post=99944"},{"taxonomy":"post_tag","embeddable":true,"href":"https:\/\/www.caririemacao.com\/1\/wp-json\/wp\/v2\/tags?post=99944"}],"curies":[{"name":"wp","href":"https:\/\/api.w.org\/{rel}","templated":true}]}}